{"id":995,"date":"2026-02-20T08:03:24","date_gmt":"2026-02-20T07:03:24","guid":{"rendered":"http:\/\/www.voreppeavenir.fr\/changeons\/?p=995"},"modified":"2026-02-24T06:30:51","modified_gmt":"2026-02-24T05:30:51","slug":"chantal-jannin","status":"publish","type":"post","link":"http:\/\/www.voreppeavenir.fr\/changeons\/chantal-jannin\/","title":{"rendered":"Chantal JANNIN"},"content":{"rendered":"<p><img decoding=\"async\" class=\"alignright size-full wp-image-996\" src=\"http:\/\/www.voreppeavenir.fr\/changeons\/wp-content\/uploads\/2026\/02\/chantal_janin_vignette.jpg\" alt=\"\" width=\"20%\" srcset=\"http:\/\/www.voreppeavenir.fr\/changeons\/wp-content\/uploads\/2026\/02\/chantal_janin_vignette.jpg 400w, http:\/\/www.voreppeavenir.fr\/changeons\/wp-content\/uploads\/2026\/02\/chantal_janin_vignette-258x300.jpg 258w\" sizes=\"(max-width: 400px) 100vw, 400px\" \/>Retrait\u00e9e de 69 ans, je vis depuis 30 ans sur cette commune que j&rsquo;affectionne pour sa qualit\u00e9 de vie, son dynamisme associatif et ses \u00e9quipements que j&rsquo;utilise r\u00e9guli\u00e8rement.<\/p>\n<p>Pendant plusieurs ann\u00e9es j&rsquo;ai \u00e9t\u00e9 b\u00e9n\u00e9vole dans une association sportive, particip\u00e9 au Comit\u00e9 de Quartiers et depuis 4 ans participe \u00e0 l&rsquo;accompagnement scolaire organis\u00e9 par la ville.<\/p>\n<p>Pas seulement vivre sur la commune mais participer \u00e0 la vie de la commune me para\u00eet essentiel et me nourrit.<\/p>\n<p>Je suis retrait\u00e9e depuis 6 ans apr\u00e8s une carri\u00e8re de travailleur social sur des zones sensibles, en protection de l&rsquo;enfance et en sant\u00e9 au travail.<\/p>\n<p>Grande utilisatrice, maintenant et durant la jeunesse de nos 3 enfants, d&rsquo;\u00e9quipements (m\u00e9diath\u00e8que, cin\u00e9ma, MJC) et d&rsquo;associations sportives et culturelles de la commune, le juste retour a \u00e9t\u00e9 d&rsquo;apporter mon soutien b\u00e9n\u00e9vole pendant plusieurs ann\u00e9es \u00e0 une association sportive pour les enfants, participer au Comit\u00e9 de Quartier, me tenir inform\u00e9e de la vie locale\u00a0\u2026<\/p>\n<p>Depuis quelques ann\u00e9es mon socle de valeurs sociales et d&rsquo;\u00e9quit\u00e9 se r\u00e9alise par mon investissement dans l&rsquo;accompagnement scolaire d&rsquo;enfants en difficult\u00e9s\u00a0: \u00eatre utile et se sentir utile, donner des chances, ouvrir du possible .<\/p>\n<p>Des loisirs personnels autour du sport,jardinage , bricolage, travaux manuels, lecture, m&rsquo;apportent \u00e9quilibre.<\/p>\n<p>Mon souhait et de contribuer au mieux et \u00e0 ma mesure \u00e0 une vie locale sereine et constructive pour tous.<\/p>\n","protected":false},"excerpt":{"rendered":"<p>Retrait\u00e9e de 69 ans, je vis depuis 30 ans sur cette commune que j&rsquo;affectionne pour sa qualit\u00e9 de vie, son dynamisme associatif et ses \u00e9quipements &hellip; <\/p>\n","protected":false},"author":7,"featured_media":0,"comment_status":"closed","ping_status":"closed","sticky":false,"template":"","format":"standard","meta":{"footnotes":""},"categories":[18],"tags":[],"class_list":["post-995","post","type-post","status-publish","format-standard","hentry","category-candidats"],"_links":{"self":[{"href":"http:\/\/www.voreppeavenir.fr\/changeons\/wp-json\/wp\/v2\/posts\/995","targetHints":{"allow":["GET"]}}],"collection":[{"href":"http:\/\/www.voreppeavenir.fr\/changeons\/wp-json\/wp\/v2\/posts"}],"about":[{"href":"http:\/\/www.voreppeavenir.fr\/changeons\/wp-json\/wp\/v2\/types\/post"}],"author":[{"embeddable":true,"href":"http:\/\/www.voreppeavenir.fr\/changeons\/wp-json\/wp\/v2\/users\/7"}],"replies":[{"embeddable":true,"href":"http:\/\/www.voreppeavenir.fr\/changeons\/wp-json\/wp\/v2\/comments?post=995"}],"version-history":[{"count":4,"href":"http:\/\/www.voreppeavenir.fr\/changeons\/wp-json\/wp\/v2\/posts\/995\/revisions"}],"predecessor-version":[{"id":1022,"href":"http:\/\/www.voreppeavenir.fr\/changeons\/wp-json\/wp\/v2\/posts\/995\/revisions\/1022"}],"wp:attachment":[{"href":"http:\/\/www.voreppeavenir.fr\/changeons\/wp-json\/wp\/v2\/media?parent=995"}],"wp:term":[{"taxonomy":"category","embeddable":true,"href":"http:\/\/www.voreppeavenir.fr\/changeons\/wp-json\/wp\/v2\/categories?post=995"},{"taxonomy":"post_tag","embeddable":true,"href":"http:\/\/www.voreppeavenir.fr\/changeons\/wp-json\/wp\/v2\/tags?post=995"}],"curies":[{"name":"wp","href":"https:\/\/api.w.org\/{rel}","templated":true}]}}