{"id":992,"date":"2026-02-20T08:19:01","date_gmt":"2026-02-20T07:19:01","guid":{"rendered":"http:\/\/www.voreppeavenir.fr\/changeons\/?p=992"},"modified":"2026-02-24T06:37:53","modified_gmt":"2026-02-24T05:37:53","slug":"nicolas-garraud","status":"publish","type":"post","link":"http:\/\/www.voreppeavenir.fr\/changeons\/nicolas-garraud\/","title":{"rendered":"Nicolas GARRAUD"},"content":{"rendered":"<p><img decoding=\"async\" class=\"alignright size-full wp-image-993\" src=\"http:\/\/www.voreppeavenir.fr\/changeons\/wp-content\/uploads\/2026\/02\/nicolas_garraud_vignette.jpg\" alt=\"\" width=\"20%\" srcset=\"http:\/\/www.voreppeavenir.fr\/changeons\/wp-content\/uploads\/2026\/02\/nicolas_garraud_vignette.jpg 400w, http:\/\/www.voreppeavenir.fr\/changeons\/wp-content\/uploads\/2026\/02\/nicolas_garraud_vignette-260x300.jpg 260w\" sizes=\"(max-width: 400px) 100vw, 400px\" \/>\u00c2g\u00e9 de 44 ans et p\u00e8re de deux enfants, je travaille comme ing\u00e9nieur au CEA. Install\u00e9 \u00e0 Voreppe par choix depuis cinq ans, j\u2019ai souhait\u00e9 m\u2019engager concr\u00e8tement dans la vie de la commune.<\/p>\n<p>Je me suis investi dans mon comit\u00e9 de quartier, aux \u00c9tats G\u00e9n\u00e9raux et au sein du Comit\u00e9 Citoyen. Cet engagement m\u2019a permis de mieux comprendre l\u2019histoire de Voreppe, son organisation et les enjeux auxquels elle fait face. Avec d\u2019autres habitants, nous avons \u00e9chang\u00e9 et travaill\u00e9 sur des sujets qui touchent directement notre quotidien.<\/p>\n<p>Nous avons notamment r\u00e9fl\u00e9chi \u00e0 l\u2019urbanisme de demain : comment permettre un d\u00e9veloppement ma\u00eetris\u00e9 de la commune tout en pr\u00e9servant son cadre de vie. Nous avons \u00e9galement abord\u00e9 la question des mobilit\u00e9s, en recherchant des solutions accessibles \u00e0 tous les \u00e2ges, en facilitant les d\u00e9placements \u00e0 pied, \u00e0 v\u00e9lo et en transports collectifs, sans remettre en cause la place n\u00e9cessaire de la voiture. Enfin, nous avons travaill\u00e9 sur l\u2019am\u00e9nagement des quartiers afin d\u2019en faire de v\u00e9ritables lieux de vie, plus fonctionnels, plus agr\u00e9ables et favorisant les \u00e9changes entre habitants.<\/p>\n<p>Ces sujets, au c\u0153ur de l\u2019action municipale, se retrouvent dans les propositions que nous portons.<\/p>\n<p>En parall\u00e8le, je suis parent d\u00e9l\u00e9gu\u00e9 \u00e0 l\u2019\u00e9cole Stravinski. \u00c0 ce titre, je m\u2019implique pour que chaque enfant de la commune puisse grandir et apprendre dans de bonnes conditions.<\/p>\n","protected":false},"excerpt":{"rendered":"<p>\u00c2g\u00e9 de 44 ans et p\u00e8re de deux enfants, je travaille comme ing\u00e9nieur au CEA. Install\u00e9 \u00e0 Voreppe par choix depuis cinq ans, j\u2019ai souhait\u00e9 &hellip; <\/p>\n","protected":false},"author":7,"featured_media":0,"comment_status":"closed","ping_status":"closed","sticky":false,"template":"","format":"standard","meta":{"footnotes":""},"categories":[18],"tags":[],"class_list":["post-992","post","type-post","status-publish","format-standard","hentry","category-candidats"],"_links":{"self":[{"href":"http:\/\/www.voreppeavenir.fr\/changeons\/wp-json\/wp\/v2\/posts\/992","targetHints":{"allow":["GET"]}}],"collection":[{"href":"http:\/\/www.voreppeavenir.fr\/changeons\/wp-json\/wp\/v2\/posts"}],"about":[{"href":"http:\/\/www.voreppeavenir.fr\/changeons\/wp-json\/wp\/v2\/types\/post"}],"author":[{"embeddable":true,"href":"http:\/\/www.voreppeavenir.fr\/changeons\/wp-json\/wp\/v2\/users\/7"}],"replies":[{"embeddable":true,"href":"http:\/\/www.voreppeavenir.fr\/changeons\/wp-json\/wp\/v2\/comments?post=992"}],"version-history":[{"count":1,"href":"http:\/\/www.voreppeavenir.fr\/changeons\/wp-json\/wp\/v2\/posts\/992\/revisions"}],"predecessor-version":[{"id":994,"href":"http:\/\/www.voreppeavenir.fr\/changeons\/wp-json\/wp\/v2\/posts\/992\/revisions\/994"}],"wp:attachment":[{"href":"http:\/\/www.voreppeavenir.fr\/changeons\/wp-json\/wp\/v2\/media?parent=992"}],"wp:term":[{"taxonomy":"category","embeddable":true,"href":"http:\/\/www.voreppeavenir.fr\/changeons\/wp-json\/wp\/v2\/categories?post=992"},{"taxonomy":"post_tag","embeddable":true,"href":"http:\/\/www.voreppeavenir.fr\/changeons\/wp-json\/wp\/v2\/tags?post=992"}],"curies":[{"name":"wp","href":"https:\/\/api.w.org\/{rel}","templated":true}]}}