{"id":987,"date":"2026-02-20T08:26:30","date_gmt":"2026-02-20T07:26:30","guid":{"rendered":"http:\/\/www.voreppeavenir.fr\/changeons\/?p=987"},"modified":"2026-02-24T06:40:16","modified_gmt":"2026-02-24T05:40:16","slug":"mohamed-goumri","status":"publish","type":"post","link":"http:\/\/www.voreppeavenir.fr\/changeons\/mohamed-goumri\/","title":{"rendered":"Mohamed GOUMRI"},"content":{"rendered":"<p><img decoding=\"async\" class=\"alignright size-full wp-image-989\" src=\"http:\/\/www.voreppeavenir.fr\/changeons\/wp-content\/uploads\/2026\/02\/mohamed_goumri_vignette.jpg\" alt=\"\" width=\"20%\" srcset=\"http:\/\/www.voreppeavenir.fr\/changeons\/wp-content\/uploads\/2026\/02\/mohamed_goumri_vignette.jpg 400w, http:\/\/www.voreppeavenir.fr\/changeons\/wp-content\/uploads\/2026\/02\/mohamed_goumri_vignette-242x300.jpg 242w\" sizes=\"(max-width: 400px) 100vw, 400px\" \/>P\u00e8re de 3 enfants, charg\u00e9 de projet au sein du comit\u00e9 d\u2019entreprise de ST Micro\u00e9lectronics, je suis voreppin depuis 1985.<\/p>\n<p>Ancien basketteur handisport de haut niveau en comp\u00e9tions nationales et internationales, j\u2019aime l\u2019ambiance du travail en \u00e9quipe.<\/p>\n<p>J\u2019ai aussi une grande exp\u00e9rience associative, ancien pr\u00e9sident des sous des \u00e9coles de l\u2019\u00e9cole Stranvinski et l\u2019\u00e9cole Achard, membre du bureau du Foyer Socio-Educatif du coll\u00e8ge Andr\u00e9 Malraux, secr\u00e9taire du club handisport de basketball en fauteuil roulant \u00e0 Voreppe depuis 10 ans.<\/p>\n<p>J\u2019ai jusqu\u2019\u00e0 ce jour pleinement consacr\u00e9 mon temps \u00e0 mon activit\u00e9 professionnelle et familiale. Fid\u00e8le \u00e0 mon attachement pour ma commune, fid\u00e8le aussi \u00e0 mes valeurs d\u2019ouverture d\u2019esprit, de solidarit\u00e9 et de convivialit\u00e9.<\/p>\n<p>A la veille des prochaines \u00e9lections municipales, je suis fier de rejoindre pour la 3\u00e8me campagne cons\u00e9cutive, l\u2019\u00e9quipe <em>\u00ab\u00a0Voreppe avenir, Changeons\u00a0!\u00a0\u00bb<\/em>, association citoyenne, porteuse d\u2019une autre vision de l\u2019action publique communale.<\/p>\n<p>Je souhaite m\u2019impliquer davantage et de fa\u00e7on constructive dans les diff\u00e9rents projets propos\u00e9 par cette \u00e9quipe, je souhaite apporter mon exp\u00e9rience et mes comp\u00e9tences dans les domaines tels que l\u2019accessibilit\u00e9 et le sport dans ma commune.<\/p>\n","protected":false},"excerpt":{"rendered":"<p>P\u00e8re de 3 enfants, charg\u00e9 de projet au sein du comit\u00e9 d\u2019entreprise de ST Micro\u00e9lectronics, je suis voreppin depuis 1985. Ancien basketteur handisport de haut &hellip; <\/p>\n","protected":false},"author":7,"featured_media":0,"comment_status":"closed","ping_status":"closed","sticky":false,"template":"","format":"standard","meta":{"footnotes":""},"categories":[18,22],"tags":[],"class_list":["post-987","post","type-post","status-publish","format-standard","hentry","category-candidats","category-pays-voironnais"],"_links":{"self":[{"href":"http:\/\/www.voreppeavenir.fr\/changeons\/wp-json\/wp\/v2\/posts\/987","targetHints":{"allow":["GET"]}}],"collection":[{"href":"http:\/\/www.voreppeavenir.fr\/changeons\/wp-json\/wp\/v2\/posts"}],"about":[{"href":"http:\/\/www.voreppeavenir.fr\/changeons\/wp-json\/wp\/v2\/types\/post"}],"author":[{"embeddable":true,"href":"http:\/\/www.voreppeavenir.fr\/changeons\/wp-json\/wp\/v2\/users\/7"}],"replies":[{"embeddable":true,"href":"http:\/\/www.voreppeavenir.fr\/changeons\/wp-json\/wp\/v2\/comments?post=987"}],"version-history":[{"count":3,"href":"http:\/\/www.voreppeavenir.fr\/changeons\/wp-json\/wp\/v2\/posts\/987\/revisions"}],"predecessor-version":[{"id":991,"href":"http:\/\/www.voreppeavenir.fr\/changeons\/wp-json\/wp\/v2\/posts\/987\/revisions\/991"}],"wp:attachment":[{"href":"http:\/\/www.voreppeavenir.fr\/changeons\/wp-json\/wp\/v2\/media?parent=987"}],"wp:term":[{"taxonomy":"category","embeddable":true,"href":"http:\/\/www.voreppeavenir.fr\/changeons\/wp-json\/wp\/v2\/categories?post=987"},{"taxonomy":"post_tag","embeddable":true,"href":"http:\/\/www.voreppeavenir.fr\/changeons\/wp-json\/wp\/v2\/tags?post=987"}],"curies":[{"name":"wp","href":"https:\/\/api.w.org\/{rel}","templated":true}]}}