{"id":985,"date":"2026-02-16T16:06:24","date_gmt":"2026-02-16T15:06:24","guid":{"rendered":"http:\/\/www.voreppeavenir.fr\/changeons\/?p=985"},"modified":"2026-03-06T17:04:22","modified_gmt":"2026-03-06T16:04:22","slug":"nous-avons-signe-le-pacte-du-logiciel-libre","status":"publish","type":"post","link":"http:\/\/www.voreppeavenir.fr\/changeons\/nous-avons-signe-le-pacte-du-logiciel-libre\/","title":{"rendered":"Nous avons sign\u00e9 le pacte du Logiciel Libre"},"content":{"rendered":"<p><img decoding=\"async\" class=\"alignright size-full wp-image-898\" src=\"http:\/\/www.voreppeavenir.fr\/changeons\/wp-content\/uploads\/2026\/02\/pacte-signe-250x250-1.png\" alt=\"\" width=\"20%\" srcset=\"http:\/\/www.voreppeavenir.fr\/changeons\/wp-content\/uploads\/2026\/02\/pacte-signe-250x250-1.png 250w, http:\/\/www.voreppeavenir.fr\/changeons\/wp-content\/uploads\/2026\/02\/pacte-signe-250x250-1-150x150.png 150w\" sizes=\"(max-width: 250px) 100vw, 250px\" \/>Le sujet que nous \u00e9voquons ici peut sembler tr\u00e8s \u00e9loign\u00e9 des pr\u00e9occupations de chacun.<br \/>\nEt pourtant il a un impact bien r\u00e9el sur le quotidien de notre commune et de ses habitants.<\/p>\n<p>Notre collectif, par l&rsquo;interm\u00e9diaire de notre t\u00eate de liste <a href=\"http:\/\/www.voreppeavenir.fr\/changeons\/fabienne-sentis\/\" target=\"_blank\" rel=\"noopener\">Fabienne Sentis<\/a>, a sign\u00e9 une nouvelle fois <a href=\"https:\/\/www.candidats.fr\/documents\/Le-Pacte-Du-Logiciel-Libre-municipales-et-communautaires-2026.pdf\" target=\"_blank\" rel=\"noopener\">\u00ab\u00a0le pacte du logiciel libre\u00a0\u00bb.<\/a>.<\/p>\n<p>Cette d\u00e9marche repose sur notre constat de l&rsquo;approche actuelle du \u00ab\u00a0num\u00e9rique\u00a0\u00bb et a plusieurs objectifs.<\/p>\n<p>Le respect des standards ouverts, les codes sources accessibles et modifiables, la r\u00e9activit\u00e9 des concepteurs font du logiciel libre une ressource technique \u00e0 la qualit\u00e9 reconnue. M\u00eame les g\u00e9ants du num\u00e9rique l\u2019exploitent intensivement puisqu&rsquo;il fait tourner pr\u00e8s de 90% des serveurs d\u2019internet ou les t\u00e9l\u00e9phones portables \u00e0 base d&rsquo;Android !<\/p>\n<p>\u00c0 l\u2019heure de la prise de conscience du retard europ\u00e9en sur son ind\u00e9pendance num\u00e9rique, cela a des impacts tr\u00e8s concrets pour notre soci\u00e9t\u00e9.<\/p>\n<p><strong>Et ce qu&rsquo;il se passe \u00e0 l&rsquo;\u00e9chelle des serveurs, des t\u00e9l\u00e9phones portables, existe \u00e9galement sur nos ordinateurs individuels.<\/strong><\/p>\n<p>La ville de Voreppe, c&rsquo;est plusieurs centaines d&rsquo;ordinateurs en comptant les \u00e9coles.<\/p>\n<p><img decoding=\"async\" class=\"alignleft size-full wp-image-750\" src=\"http:\/\/www.voreppeavenir.fr\/changeons\/wp-content\/uploads\/2026\/02\/laurent_godard_vignette.jpg\" alt=\"\" width=\"12%\" srcset=\"http:\/\/www.voreppeavenir.fr\/changeons\/wp-content\/uploads\/2026\/02\/laurent_godard_vignette.jpg 400w, http:\/\/www.voreppeavenir.fr\/changeons\/wp-content\/uploads\/2026\/02\/laurent_godard_vignette-246x300.jpg 246w\" sizes=\"(max-width: 400px) 100vw, 400px\" \/>Lors de notre mandat 2008-2014, nous avons choisi, en accord avec les agents municipaux, de remplacer la suite bureautique Microsoft par OpenOffice puis LibreOffice sur tous les ordinateurs de la ville. La migration s&rsquo;est tr\u00e8s bien pass\u00e9e gr\u00e2ce \u00e0 un accompagnement fort sur le terrain. <\/p>\n<p>Ce choix n\u2019a jamais \u00e9t\u00e9 remis en cause depuis 15 ans. <\/p>\n<p>La ville a m\u00eame contribu\u00e9, pour ses besoins, au d\u00e9veloppement de nouvelles fonctionnalit\u00e9s d&rsquo;autres logiciels libres et mises \u00e0 disposition de la communaut\u00e9.  Ce fonctionnement typique qui permet le renvoi d&rsquo;ascenseur pour un acc\u00e8s gratuit aux logiciels, est un principe auquel nous tenons. Il contribue au partage de la connaissance et la solidarit\u00e9 dans notre soci\u00e9t\u00e9.<\/p>\n<p><strong>Cette bascule a par ailleurs permis une \u00e9conomie de plusieurs dizaines de milliers d\u2019euros \u00e0 la collectivit\u00e9 depuis sa mise en place.<\/strong><\/p>\n<p>Dans la continuit\u00e9, d&rsquo;autres migrations peuvent \u00eatre r\u00e9alis\u00e9es. <\/p>\n<p>Aujourd\u2019hui, l\u2019arriv\u00e9e de <em>Windows 11<\/em> impose \u00e0 beaucoup, collectivit\u00e9s et particuliers, de changer d\u2019ordinateur alors que celui-ci fonctionne encore tr\u00e8s bien ! Cette contrainte subie par la seule d\u00e9cision d&rsquo;une entreprise qui tient un quasi monopole, est \u00e0 la fois une aberration financi\u00e8re et un gaspillage de ressources [1].<\/p>\n<p><strong>Cette situation n\u2019a pas \u00e9t\u00e9 anticip\u00e9e et la Ville de Voreppe, comme beaucoup, se retrouve donc \u00ab prise au pi\u00e8ge \u00bb avec ses centaines d\u2019ordinateurs.<\/strong><\/p>\n<p>Des solutions existent, b\u00e2ties sur des syst\u00e8mes informatiques alternatifs. Notre Gendarmerie s\u2019est affranchie de ces contraintes il y a longtemps, de plus en plus de collectivit\u00e9s \u00e9voluent dans ce sens, pourquoi Voreppe devrait s\u2019arr\u00eater en chemin ?<\/p>\n<p>Si rien n\u2019a boug\u00e9 depuis 2014, la ville de Voreppe ayant choisi de vivre sur ses acquis, les agents municipaux utilisent d\u00e9j\u00e0 au quotidien des logiciels libres qui peuvent basculer tels quels sur des syst\u00e8mes alternatifs.<\/p>\n<p>La signature du Pacte du Logiciel Libre est donc un engagement \u00e0 prendre au s\u00e9rieux face \u00e0 notre d\u00e9pendance au num\u00e9rique.<\/p>\n<p>Nos propositions :<\/p>\n<ul>\n<li>Nous reprendrons le travail initi\u00e9 avec comme ultime \u00e9tape l\u2019\u00e9tude et, si cela s\u2019av\u00e8re pertinent, la r\u00e9alisation de la migration progressive du syst\u00e8me d\u2019exploitation <em>Windows<\/em> vers <em>Linux<\/em>. Cette d\u00e9marche se fera progressivement, dans le temps avec un accompagnement des utilisateurs municipaux. Si des logiciels m\u00e9tiers tr\u00e8s sp\u00e9cifiques n\u00e9cessitent encore Windows (c\u2019est de plus en plus rare), des postes d\u00e9di\u00e9s seront conserv\u00e9s.<\/li>\n<li>Nous organiserons, avec l&rsquo;aide du monde associatif, des ateliers \u00e0 destination de la population pour d\u00e9couvrir la richesse des logiciels offerts. Par exemple \u00e0 travers des <em>\u00ab\u00a0install-party\u00a0\u00bb<\/em> o\u00f9 des gens bien inform\u00e9s accompagnent les nouveaux dans la r\u00e9utilisation de leur ordinateur.<br \/>\nC&rsquo;est un peu dans l&rsquo;esprit des \u00ab\u00a0repair-caf\u00e9\u00a0\u00bb d\u00e9sormais bien connus sur notre commune. Car, oui, contrairement aux ordinateurs qui fonctionnent sous <em>Windows<\/em>, la richesse des applications libres permet de faire tourner des ordinateurs vieux de 10 ans sans probl\u00e8me.<\/li>\n<li>Chaque Voreppin pourra, si il le d\u00e9sire, trouver un appui pour son usage informatique r\u00e9duisant ainsi la fameuse fracture num\u00e9rique. Cette aide viendra en compl\u00e9ment d\u2019autres mesures d\u2019assistance pour les d\u00e9marches administratives<\/li>\n<li>Notre collectivit\u00e9 contribuera si possible au d\u00e9veloppement de briques logicielles dont elle aurait besoin et les reversera dans le pot commun, respectant ainsi le principe <em>\u00ab\u00a0l&rsquo;argent public ne doit financer une fonctionnalit\u00e9 qu&rsquo;une seule fois\u00a0\u00bb<\/em>.<\/li>\n<\/ul>\n<p>Le pacte propose encore bien d\u2019autres approches. Nous nous en inspirerons d\u00e8s que possible et si cela s&rsquo;av\u00e8re pertinent dans notre contexte.<\/p>\n<p>La d\u00e9marche se fera sur le temps long avec pragmatisme et de l&rsquo;accompagnement. C\u2019est l&rsquo;assurance de conserver des services publics op\u00e9rationnels et la garantie du succ\u00e8s. <\/p>\n<hr>\n<p>[1] En France, 90% de l\u2019empreinte \u00e9cologique d\u2019un ordinateur est due \u00e0 sa fabrication. Voir <a href=\"https:\/\/agirpourlatransition.ademe.fr\/particuliers\/evaluer-son-impact\/calculer-impact-achats\/calculez-empreinte-carbone-achats-numeriques\" target=\"_blank\">l&rsquo;\u00e9tude de l&rsquo;Ademe sur l&rsquo;impact du num\u00e9rique<\/a><\/p>\n","protected":false},"excerpt":{"rendered":"<p>Le sujet que nous \u00e9voquons ici peut sembler tr\u00e8s \u00e9loign\u00e9 des pr\u00e9occupations de chacun. Et pourtant il a un impact bien r\u00e9el sur le quotidien &hellip; <\/p>\n","protected":false},"author":7,"featured_media":0,"comment_status":"closed","ping_status":"closed","sticky":false,"template":"","format":"standard","meta":{"footnotes":""},"categories":[23,21],"tags":[],"class_list":["post-985","post","type-post","status-publish","format-standard","hentry","category-actualite","category-programme"],"_links":{"self":[{"href":"http:\/\/www.voreppeavenir.fr\/changeons\/wp-json\/wp\/v2\/posts\/985","targetHints":{"allow":["GET"]}}],"collection":[{"href":"http:\/\/www.voreppeavenir.fr\/changeons\/wp-json\/wp\/v2\/posts"}],"about":[{"href":"http:\/\/www.voreppeavenir.fr\/changeons\/wp-json\/wp\/v2\/types\/post"}],"author":[{"embeddable":true,"href":"http:\/\/www.voreppeavenir.fr\/changeons\/wp-json\/wp\/v2\/users\/7"}],"replies":[{"embeddable":true,"href":"http:\/\/www.voreppeavenir.fr\/changeons\/wp-json\/wp\/v2\/comments?post=985"}],"version-history":[{"count":2,"href":"http:\/\/www.voreppeavenir.fr\/changeons\/wp-json\/wp\/v2\/posts\/985\/revisions"}],"predecessor-version":[{"id":1018,"href":"http:\/\/www.voreppeavenir.fr\/changeons\/wp-json\/wp\/v2\/posts\/985\/revisions\/1018"}],"wp:attachment":[{"href":"http:\/\/www.voreppeavenir.fr\/changeons\/wp-json\/wp\/v2\/media?parent=985"}],"wp:term":[{"taxonomy":"category","embeddable":true,"href":"http:\/\/www.voreppeavenir.fr\/changeons\/wp-json\/wp\/v2\/categories?post=985"},{"taxonomy":"post_tag","embeddable":true,"href":"http:\/\/www.voreppeavenir.fr\/changeons\/wp-json\/wp\/v2\/tags?post=985"}],"curies":[{"name":"wp","href":"https:\/\/api.w.org\/{rel}","templated":true}]}}