{"id":972,"date":"2026-02-20T08:06:17","date_gmt":"2026-02-20T07:06:17","guid":{"rendered":"http:\/\/www.voreppeavenir.fr\/changeons\/?p=972"},"modified":"2026-02-24T06:31:50","modified_gmt":"2026-02-24T05:31:50","slug":"christophe-de-meeus","status":"publish","type":"post","link":"http:\/\/www.voreppeavenir.fr\/changeons\/christophe-de-meeus\/","title":{"rendered":"Christophe DE MEE\u00dbS"},"content":{"rendered":"<p><img decoding=\"async\" class=\"alignright size-full wp-image-975\" src=\"http:\/\/www.voreppeavenir.fr\/changeons\/wp-content\/uploads\/2026\/02\/christophe_de_meeus_vignette.jpg\" alt=\"\" width=\"20%\" srcset=\"http:\/\/www.voreppeavenir.fr\/changeons\/wp-content\/uploads\/2026\/02\/christophe_de_meeus_vignette.jpg 400w, http:\/\/www.voreppeavenir.fr\/changeons\/wp-content\/uploads\/2026\/02\/christophe_de_meeus_vignette-257x300.jpg 257w\" sizes=\"(max-width: 400px) 100vw, 400px\" \/>J\u2019ai 69 ans, j&rsquo;habite le Chevalon de Voreppe depuis 92.<\/p>\n<p>Ing\u00e9nieur dans la m\u00e9tallurgie, la verrerie industrielle, consultant en gestion de production, je suis \u00e0 la retraite depuis 6 ans.<\/p>\n<p>B\u00e9n\u00e9vole dans plusieurs associations \u00e0 Voreppe, ancien pr\u00e9sident du sou des \u00e9coles j&rsquo;ai longtemps anim\u00e9 le loto, j\u2019aime me rendre utile et participer activement \u00e0 la vie locale.<\/p>\n<p>J&rsquo;appr\u00e9cie le travail en \u00e9quipe qui permet de partager des exp\u00e9riences dans tous les domaines. Le b\u00e9n\u00e9volat me permet de rester actif, de continuer \u00e0 apprendre et \u00e0 partager.<\/p>\n<p>Je pratique la randonn\u00e9e, le jardinage et je suis passionn\u00e9 de cin\u00e9ma et de hockey sur glace (note : je passe beaucoup de temps avec les chiens et les chats de mes filles).<\/p>\n<p>La commune a de belles richesses \u00e0 pr\u00e9server et \u00e0 d\u00e9velopper comme son cin\u00e9ma, ses sentiers son cadre de vie.<\/p>\n","protected":false},"excerpt":{"rendered":"<p>J\u2019ai 69 ans, j&rsquo;habite le Chevalon de Voreppe depuis 92. Ing\u00e9nieur dans la m\u00e9tallurgie, la verrerie industrielle, consultant en gestion de production, je suis \u00e0 &hellip; <\/p>\n","protected":false},"author":7,"featured_media":0,"comment_status":"closed","ping_status":"closed","sticky":false,"template":"","format":"standard","meta":{"footnotes":""},"categories":[18],"tags":[],"class_list":["post-972","post","type-post","status-publish","format-standard","hentry","category-candidats"],"_links":{"self":[{"href":"http:\/\/www.voreppeavenir.fr\/changeons\/wp-json\/wp\/v2\/posts\/972","targetHints":{"allow":["GET"]}}],"collection":[{"href":"http:\/\/www.voreppeavenir.fr\/changeons\/wp-json\/wp\/v2\/posts"}],"about":[{"href":"http:\/\/www.voreppeavenir.fr\/changeons\/wp-json\/wp\/v2\/types\/post"}],"author":[{"embeddable":true,"href":"http:\/\/www.voreppeavenir.fr\/changeons\/wp-json\/wp\/v2\/users\/7"}],"replies":[{"embeddable":true,"href":"http:\/\/www.voreppeavenir.fr\/changeons\/wp-json\/wp\/v2\/comments?post=972"}],"version-history":[{"count":6,"href":"http:\/\/www.voreppeavenir.fr\/changeons\/wp-json\/wp\/v2\/posts\/972\/revisions"}],"predecessor-version":[{"id":979,"href":"http:\/\/www.voreppeavenir.fr\/changeons\/wp-json\/wp\/v2\/posts\/972\/revisions\/979"}],"wp:attachment":[{"href":"http:\/\/www.voreppeavenir.fr\/changeons\/wp-json\/wp\/v2\/media?parent=972"}],"wp:term":[{"taxonomy":"category","embeddable":true,"href":"http:\/\/www.voreppeavenir.fr\/changeons\/wp-json\/wp\/v2\/categories?post=972"},{"taxonomy":"post_tag","embeddable":true,"href":"http:\/\/www.voreppeavenir.fr\/changeons\/wp-json\/wp\/v2\/tags?post=972"}],"curies":[{"name":"wp","href":"https:\/\/api.w.org\/{rel}","templated":true}]}}