{"id":939,"date":"2026-02-16T18:16:35","date_gmt":"2026-02-16T17:16:35","guid":{"rendered":"http:\/\/www.voreppeavenir.fr\/changeons\/?p=939"},"modified":"2026-03-06T17:04:07","modified_gmt":"2026-03-06T16:04:07","slug":"nos-dates-de-reunions-publiques","status":"publish","type":"post","link":"http:\/\/www.voreppeavenir.fr\/changeons\/nos-dates-de-reunions-publiques\/","title":{"rendered":"Nos dates de r\u00e9unions publiques"},"content":{"rendered":"<p><img decoding=\"async\" class=\"alignright size-full wp-image-1001\" src=\"http:\/\/www.voreppeavenir.fr\/changeons\/wp-content\/uploads\/2026\/02\/dates_vertical_ombre.png\" alt=\"\" width=\"15%\" srcset=\"http:\/\/www.voreppeavenir.fr\/changeons\/wp-content\/uploads\/2026\/02\/dates_vertical_ombre.png 159w, http:\/\/www.voreppeavenir.fr\/changeons\/wp-content\/uploads\/2026\/02\/dates_vertical_ombre-146x300.png 146w\" sizes=\"(max-width: 159px) 100vw, 159px\" \/>Nous serons heureux d&rsquo;\u00e9changer avec vous autour de nos propositions pour Voreppe. Pr\u00e8s de chez vous ou \u00e0 la date qui vous convient, n&rsquo;h\u00e9sitez pas \u00e0 venir nous rencontrer ou \u00e0 <a href=\"http:\/\/www.voreppeavenir.fr\/changeons\/nous-contacter\/\" target=\"_blank\" rel=\"noopener\">nous contacter<\/a> !<\/p>\n<ul>\n<li>samedi 7 mars &#8211; 10h &#8211; Centre social Rosa Parks<\/li>\n<li>mardi 10 mars &#8211; 20h &#8211; L&rsquo;Arrosoir<\/li>\n<li>mercredi 11 mars &#8211; 20h &#8211; Salle Armand-Pugnot<\/li>\n<li>jeudi 12 mars &#8211; 20 h &#8211; Salle des f\u00eates du Chevalon<\/li>\n<\/ul>\n","protected":false},"excerpt":{"rendered":"<p>Nous serons heureux d&rsquo;\u00e9changer avec vous autour de nos propositions pour Voreppe. Pr\u00e8s de chez vous ou \u00e0 la date qui vous convient, n&rsquo;h\u00e9sitez pas &hellip; <\/p>\n","protected":false},"author":7,"featured_media":0,"comment_status":"closed","ping_status":"closed","sticky":false,"template":"","format":"standard","meta":{"footnotes":""},"categories":[23,20,21],"tags":[],"class_list":["post-939","post","type-post","status-publish","format-standard","hentry","category-actualite","category-democratie-locale","category-programme"],"_links":{"self":[{"href":"http:\/\/www.voreppeavenir.fr\/changeons\/wp-json\/wp\/v2\/posts\/939","targetHints":{"allow":["GET"]}}],"collection":[{"href":"http:\/\/www.voreppeavenir.fr\/changeons\/wp-json\/wp\/v2\/posts"}],"about":[{"href":"http:\/\/www.voreppeavenir.fr\/changeons\/wp-json\/wp\/v2\/types\/post"}],"author":[{"embeddable":true,"href":"http:\/\/www.voreppeavenir.fr\/changeons\/wp-json\/wp\/v2\/users\/7"}],"replies":[{"embeddable":true,"href":"http:\/\/www.voreppeavenir.fr\/changeons\/wp-json\/wp\/v2\/comments?post=939"}],"version-history":[{"count":6,"href":"http:\/\/www.voreppeavenir.fr\/changeons\/wp-json\/wp\/v2\/posts\/939\/revisions"}],"predecessor-version":[{"id":1005,"href":"http:\/\/www.voreppeavenir.fr\/changeons\/wp-json\/wp\/v2\/posts\/939\/revisions\/1005"}],"wp:attachment":[{"href":"http:\/\/www.voreppeavenir.fr\/changeons\/wp-json\/wp\/v2\/media?parent=939"}],"wp:term":[{"taxonomy":"category","embeddable":true,"href":"http:\/\/www.voreppeavenir.fr\/changeons\/wp-json\/wp\/v2\/categories?post=939"},{"taxonomy":"post_tag","embeddable":true,"href":"http:\/\/www.voreppeavenir.fr\/changeons\/wp-json\/wp\/v2\/tags?post=939"}],"curies":[{"name":"wp","href":"https:\/\/api.w.org\/{rel}","templated":true}]}}