{"id":935,"date":"2026-02-20T08:04:59","date_gmt":"2026-02-20T07:04:59","guid":{"rendered":"http:\/\/www.voreppeavenir.fr\/changeons\/?p=935"},"modified":"2026-02-24T06:31:11","modified_gmt":"2026-02-24T05:31:11","slug":"jean-louis-chenevas","status":"publish","type":"post","link":"http:\/\/www.voreppeavenir.fr\/changeons\/jean-louis-chenevas\/","title":{"rendered":"Jean-Louis CHENEVAS"},"content":{"rendered":"<p><img decoding=\"async\" class=\"alignright size-full wp-image-945\" src=\"http:\/\/www.voreppeavenir.fr\/changeons\/wp-content\/uploads\/2026\/02\/jean_louis_chenevas-1.jpg\" alt=\"\" width=\"20%\" srcset=\"http:\/\/www.voreppeavenir.fr\/changeons\/wp-content\/uploads\/2026\/02\/jean_louis_chenevas-1.jpg 400w, http:\/\/www.voreppeavenir.fr\/changeons\/wp-content\/uploads\/2026\/02\/jean_louis_chenevas-1-255x300.jpg 255w\" sizes=\"(max-width: 400px) 100vw, 400px\" \/>69 ans &#8211; Retrait\u00e9 &#8211; 3 enfants<br \/>\nAdjoint charg\u00e9 des associations et de la culture de 2008 \u00e0 2014<\/p>\n<p>Arriv\u00e9 \u00e0 Voreppe jeune papa engag\u00e9 depuis l\u2019enfance dans les mouvements d\u2019\u00e9ducation populaire, c\u2019est naturellement que je m\u2019engage \u00e0 la MJC ainsi que dans les parents d\u2019\u00e9l\u00e8ves. Plus tard attach\u00e9 \u00e0 l\u2019acc\u00e8s \u00e0 la culture pour tous, \u00e0 la participation citoyenne, \u00e0 la jeunesse richesse pour l\u2019avenir et force de cr\u00e9ation je deviens pr\u00e9sident de la MJC.<\/p>\n<p>Puis adjoint \u00e0 la culture et aux associations de 2008 \u00e0 2014 : Mandat pendant lequel nous avons exp\u00e9riment\u00e9 la participation des citoyen aux d\u00e9cisions, j\u2019en veux pour preuve la construction de l\u2019arrosoir co-cr\u00e9\u00e9 avec les associations, le comit\u00e9 culture, les techniciens de la ville, les \u00e9lus.<\/p>\n<p>Engag\u00e9 par mon m\u00e9tier dans le monde des personnes en situations de handicap, nous avons anim\u00e9 une commission accessibilit\u00e9 (non obligatoire pour Voreppe)<\/p>\n<p>Je m&rsquo;engage aupr\u00e8s de Fabienne, connaissant depuis longtemps son s\u00e9rieux, sa volont\u00e9, son exp\u00e9rience que j&rsquo;ai pu constater lorsque nous avons \u00e9t\u00e9 adjoints ensemble de 2008 \u00e0 2014.<\/p>\n<p>Cette liste repr\u00e9sente une alternative n\u00e9cessaire pour une ville plus solidaire, plus durable.<\/p>\n<p>Je serai particuli\u00e8rement attentif aux questions de la jeunesse, notre soutien doit \u00eatre ind\u00e9fectible et concret.<\/p>\n<p>Militant depuis ma retraite de l\u2019association Un Toit Pour Tous, pour moi la ville n\u2019est belle que si elle est partag\u00e9e pour tous et le logement permet l&rsquo;insertion, l&rsquo;ouverture \u00e0 des possibles : socialisation, emploi. Permettre aux personnes les plus vuln\u00e9rables d&rsquo;acc\u00e9der \u00e0 un logement digne, de vivre qualit\u00e9, et de s&rsquo;y maintenir durablement fait parti de mes objectifs en rejoignant la liste <em>\u00ab\u00a0Voreppe Avenir : Changeons !\u00a0\u00bb<\/em><\/p>\n","protected":false},"excerpt":{"rendered":"<p>69 ans &#8211; Retrait\u00e9 &#8211; 3 enfants Adjoint charg\u00e9 des associations et de la culture de 2008 \u00e0 2014 Arriv\u00e9 \u00e0 Voreppe jeune papa engag\u00e9 &hellip; <\/p>\n","protected":false},"author":7,"featured_media":0,"comment_status":"closed","ping_status":"closed","sticky":false,"template":"","format":"standard","meta":{"footnotes":""},"categories":[18],"tags":[],"class_list":["post-935","post","type-post","status-publish","format-standard","hentry","category-candidats"],"_links":{"self":[{"href":"http:\/\/www.voreppeavenir.fr\/changeons\/wp-json\/wp\/v2\/posts\/935","targetHints":{"allow":["GET"]}}],"collection":[{"href":"http:\/\/www.voreppeavenir.fr\/changeons\/wp-json\/wp\/v2\/posts"}],"about":[{"href":"http:\/\/www.voreppeavenir.fr\/changeons\/wp-json\/wp\/v2\/types\/post"}],"author":[{"embeddable":true,"href":"http:\/\/www.voreppeavenir.fr\/changeons\/wp-json\/wp\/v2\/users\/7"}],"replies":[{"embeddable":true,"href":"http:\/\/www.voreppeavenir.fr\/changeons\/wp-json\/wp\/v2\/comments?post=935"}],"version-history":[{"count":6,"href":"http:\/\/www.voreppeavenir.fr\/changeons\/wp-json\/wp\/v2\/posts\/935\/revisions"}],"predecessor-version":[{"id":948,"href":"http:\/\/www.voreppeavenir.fr\/changeons\/wp-json\/wp\/v2\/posts\/935\/revisions\/948"}],"wp:attachment":[{"href":"http:\/\/www.voreppeavenir.fr\/changeons\/wp-json\/wp\/v2\/media?parent=935"}],"wp:term":[{"taxonomy":"category","embeddable":true,"href":"http:\/\/www.voreppeavenir.fr\/changeons\/wp-json\/wp\/v2\/categories?post=935"},{"taxonomy":"post_tag","embeddable":true,"href":"http:\/\/www.voreppeavenir.fr\/changeons\/wp-json\/wp\/v2\/tags?post=935"}],"curies":[{"name":"wp","href":"https:\/\/api.w.org\/{rel}","templated":true}]}}