{"id":894,"date":"2026-02-20T08:10:26","date_gmt":"2026-02-20T07:10:26","guid":{"rendered":"http:\/\/www.voreppeavenir.fr\/changeons\/?p=894"},"modified":"2026-02-24T06:33:32","modified_gmt":"2026-02-24T05:33:32","slug":"michel-grousson","status":"publish","type":"post","link":"http:\/\/www.voreppeavenir.fr\/changeons\/michel-grousson\/","title":{"rendered":"Michel GROUSSON"},"content":{"rendered":"<p><img decoding=\"async\" class=\"alignright size-full wp-image-932\" src=\"http:\/\/www.voreppeavenir.fr\/changeons\/wp-content\/uploads\/2026\/02\/michel_grousson_vignette.jpg\" alt=\"\" width=\"20%\" srcset=\"http:\/\/www.voreppeavenir.fr\/changeons\/wp-content\/uploads\/2026\/02\/michel_grousson_vignette.jpg 400w, http:\/\/www.voreppeavenir.fr\/changeons\/wp-content\/uploads\/2026\/02\/michel_grousson_vignette-233x300.jpg 233w\" sizes=\"(max-width: 400px) 100vw, 400px\" \/>J\u2019habite Voreppe depuis 15 ans.<\/p>\n<p>Enseignant, Ing\u00e9nieur m\u00e9canicien, je me passionne pour la science et les arts. Je suis actif au sein de MJC aupr\u00e8s des jeunes.<\/p>\n<p>Je d\u00e9sire que la culture soit \u00e0 disposition de tous sans contrainte de lieux, de sexe ou de religion. C\u2019est pour cela que j\u2019organise chaque ann\u00e9e la F\u00eate de la Science afin, notamment, d\u2019inciter les jeunes filles \u00e0 se lancer dans des carri\u00e8res scientifiques et techniques.<\/p>\n<p>C\u2019est pour cela, aussi, que j\u2019agis au sein d\u2019association culturelles pour exposer, dans le domaine public, des \u0153uvres d\u2019art ou pour offrir des spectacles vivants accessibles \u00e0 tous.<\/p>\n<p>La ville de Voreppe offre un environnement formidable et privil\u00e9gi\u00e9 qui m\u00e9rite notre attention et nos soins.<\/p>\n<p>L\u2019homme est fragile dans une Terre qu\u2019il contribue \u00e0 modifier \u00e0 ses d\u00e9pens. Je pense que le travail sur la pr\u00e9servation de notre environnement proche est le bon niveau d\u2019action. Aussi, je voudrais contribuer au sein du conseil municipal \u00e0 une am\u00e9lioration de notre cadre de vie.<\/p>\n<p>J\u2019aurai \u00e0 c\u0153ur, comme ing\u00e9nieur, de mener des projets pour, notamment, r\u00e9duire nos impacts climatiques et \u00e9nerg\u00e9tiques.<\/p>\n<p>Je me suis joint \u00e0 <em>\u00ab\u00a0Voreppe Avenir : Changeons !\u00a0\u00bb<\/em>\u00a0car j\u2019y ai trouv\u00e9 une \u00e9coute de toutes les opinions et une tr\u00e8s claire envie d\u2019agir dans tous les sujets auxquels je suis sensible.<\/p>\n","protected":false},"excerpt":{"rendered":"<p>J\u2019habite Voreppe depuis 15 ans. Enseignant, Ing\u00e9nieur m\u00e9canicien, je me passionne pour la science et les arts. Je suis actif au sein de MJC aupr\u00e8s &hellip; <\/p>\n","protected":false},"author":7,"featured_media":0,"comment_status":"closed","ping_status":"closed","sticky":false,"template":"","format":"standard","meta":{"footnotes":""},"categories":[18],"tags":[],"class_list":["post-894","post","type-post","status-publish","format-standard","hentry","category-candidats"],"_links":{"self":[{"href":"http:\/\/www.voreppeavenir.fr\/changeons\/wp-json\/wp\/v2\/posts\/894","targetHints":{"allow":["GET"]}}],"collection":[{"href":"http:\/\/www.voreppeavenir.fr\/changeons\/wp-json\/wp\/v2\/posts"}],"about":[{"href":"http:\/\/www.voreppeavenir.fr\/changeons\/wp-json\/wp\/v2\/types\/post"}],"author":[{"embeddable":true,"href":"http:\/\/www.voreppeavenir.fr\/changeons\/wp-json\/wp\/v2\/users\/7"}],"replies":[{"embeddable":true,"href":"http:\/\/www.voreppeavenir.fr\/changeons\/wp-json\/wp\/v2\/comments?post=894"}],"version-history":[{"count":4,"href":"http:\/\/www.voreppeavenir.fr\/changeons\/wp-json\/wp\/v2\/posts\/894\/revisions"}],"predecessor-version":[{"id":1062,"href":"http:\/\/www.voreppeavenir.fr\/changeons\/wp-json\/wp\/v2\/posts\/894\/revisions\/1062"}],"wp:attachment":[{"href":"http:\/\/www.voreppeavenir.fr\/changeons\/wp-json\/wp\/v2\/media?parent=894"}],"wp:term":[{"taxonomy":"category","embeddable":true,"href":"http:\/\/www.voreppeavenir.fr\/changeons\/wp-json\/wp\/v2\/categories?post=894"},{"taxonomy":"post_tag","embeddable":true,"href":"http:\/\/www.voreppeavenir.fr\/changeons\/wp-json\/wp\/v2\/tags?post=894"}],"curies":[{"name":"wp","href":"https:\/\/api.w.org\/{rel}","templated":true}]}}