{"id":892,"date":"2026-02-20T08:11:06","date_gmt":"2026-02-20T07:11:06","guid":{"rendered":"http:\/\/www.voreppeavenir.fr\/changeons\/?p=892"},"modified":"2026-02-24T06:33:45","modified_gmt":"2026-02-24T05:33:45","slug":"beatrice-marcellin","status":"publish","type":"post","link":"http:\/\/www.voreppeavenir.fr\/changeons\/beatrice-marcellin\/","title":{"rendered":"B\u00e9atrice MARCELLIN"},"content":{"rendered":"<p><img decoding=\"async\" class=\"alignright size-full wp-image-1011\" src=\"http:\/\/www.voreppeavenir.fr\/changeons\/wp-content\/uploads\/2026\/02\/beatrice_marcellin_vignette.jpg\" alt=\"\" width=\"20%\" srcset=\"http:\/\/www.voreppeavenir.fr\/changeons\/wp-content\/uploads\/2026\/02\/beatrice_marcellin_vignette.jpg 400w, http:\/\/www.voreppeavenir.fr\/changeons\/wp-content\/uploads\/2026\/02\/beatrice_marcellin_vignette-244x300.jpg 244w\" sizes=\"(max-width: 400px) 100vw, 400px\" \/>J\u2019ai 41 ans, j&rsquo;ai deux filles de 7 et 10 ans et je vis \u00e0 Voreppe depuis 2012.<\/p>\n<p>Je suis tr\u00e8s attach\u00e9e \u00e0 Voreppe, une ville agr\u00e9able, \u00e0 taille humaine, o\u00f9 l\u2019on peut tout faire \u00e0 pied. J&rsquo;appr\u00e9cie sa situation au pied de la chartreuse et \u00e0 proximit\u00e9 de Grenoble.<\/p>\n<p>Travaillant dans la fonction publique territoriale depuis quinze ans, j&rsquo;ai une bonne connaissance du fonctionnement des collectivit\u00e9s.<\/p>\n<p>Parall\u00e8lement, je suis investie dans l\u2019\u00e9cole de mes enfants en tant que parent d\u00e9l\u00e9gu\u00e9 depuis plusieurs ann\u00e9es.<\/p>\n<p>Aujourd\u2019hui, je souhaite renforcer mon engagement au sein de notre commune, et mettre mon exp\u00e9rience au service d&rsquo;un projet garantissant l\u2019int\u00e9r\u00eat g\u00e9n\u00e9ral et favorisant la solidarit\u00e9 et le vivre-ensemble.<\/p>\n","protected":false},"excerpt":{"rendered":"<p>J\u2019ai 41 ans, j&rsquo;ai deux filles de 7 et 10 ans et je vis \u00e0 Voreppe depuis 2012. Je suis tr\u00e8s attach\u00e9e \u00e0 Voreppe, une &hellip; <\/p>\n","protected":false},"author":7,"featured_media":0,"comment_status":"closed","ping_status":"closed","sticky":false,"template":"","format":"standard","meta":{"footnotes":""},"categories":[18],"tags":[],"class_list":["post-892","post","type-post","status-publish","format-standard","hentry","category-candidats"],"_links":{"self":[{"href":"http:\/\/www.voreppeavenir.fr\/changeons\/wp-json\/wp\/v2\/posts\/892","targetHints":{"allow":["GET"]}}],"collection":[{"href":"http:\/\/www.voreppeavenir.fr\/changeons\/wp-json\/wp\/v2\/posts"}],"about":[{"href":"http:\/\/www.voreppeavenir.fr\/changeons\/wp-json\/wp\/v2\/types\/post"}],"author":[{"embeddable":true,"href":"http:\/\/www.voreppeavenir.fr\/changeons\/wp-json\/wp\/v2\/users\/7"}],"replies":[{"embeddable":true,"href":"http:\/\/www.voreppeavenir.fr\/changeons\/wp-json\/wp\/v2\/comments?post=892"}],"version-history":[{"count":2,"href":"http:\/\/www.voreppeavenir.fr\/changeons\/wp-json\/wp\/v2\/posts\/892\/revisions"}],"predecessor-version":[{"id":1012,"href":"http:\/\/www.voreppeavenir.fr\/changeons\/wp-json\/wp\/v2\/posts\/892\/revisions\/1012"}],"wp:attachment":[{"href":"http:\/\/www.voreppeavenir.fr\/changeons\/wp-json\/wp\/v2\/media?parent=892"}],"wp:term":[{"taxonomy":"category","embeddable":true,"href":"http:\/\/www.voreppeavenir.fr\/changeons\/wp-json\/wp\/v2\/categories?post=892"},{"taxonomy":"post_tag","embeddable":true,"href":"http:\/\/www.voreppeavenir.fr\/changeons\/wp-json\/wp\/v2\/tags?post=892"}],"curies":[{"name":"wp","href":"https:\/\/api.w.org\/{rel}","templated":true}]}}