{"id":889,"date":"2026-02-20T08:23:33","date_gmt":"2026-02-20T07:23:33","guid":{"rendered":"http:\/\/www.voreppeavenir.fr\/changeons\/?p=889"},"modified":"2026-02-24T06:38:56","modified_gmt":"2026-02-24T05:38:56","slug":"valerie-rossin","status":"publish","type":"post","link":"http:\/\/www.voreppeavenir.fr\/changeons\/valerie-rossin\/","title":{"rendered":"Val\u00e9rie ROSSIN"},"content":{"rendered":"<p><img decoding=\"async\" class=\"alignright size-full wp-image-911\" src=\"http:\/\/www.voreppeavenir.fr\/changeons\/wp-content\/uploads\/2026\/02\/valerie_rossin_vignette-1.jpg\" alt=\"\" width=\"20%\" srcset=\"http:\/\/www.voreppeavenir.fr\/changeons\/wp-content\/uploads\/2026\/02\/valerie_rossin_vignette-1.jpg 400w, http:\/\/www.voreppeavenir.fr\/changeons\/wp-content\/uploads\/2026\/02\/valerie_rossin_vignette-1-261x300.jpg 261w\" sizes=\"(max-width: 400px) 100vw, 400px\" \/>\u00c2g\u00e9e de 57 ans, je vis \u00e0 Voreppe depuis une dizaine d&rsquo;ann\u00e9e. M\u00e8re de trois enfants et professeure de physique, j\u2019ai toujours eu \u00e0 c\u0153ur de transmettre le go\u00fbt des sciences, de la rigueur et de l\u2019esprit critique.<\/p>\n<p>Au fil des ann\u00e9es, je me suis profond\u00e9ment attach\u00e9e \u00e0 notre commune. Utilisatrice r\u00e9guli\u00e8re du v\u00e9lo pour mes loisirs et adepte des circuits de randonn\u00e9e autour de la ville, je d\u00e9couvre, au fil de mes ballades, notre cadre de vie et ses richesses naturelles. Cela m&rsquo;a permis aussi de mesurer les \u00e9volutions qu\u2019a connues Voreppe : constructions d\u2019immeubles, abattage d\u2019arbres, transformation progressive du paysage urbain, d\u00e9sertification de la Grande Rue&#8230;<\/p>\n<p>Engag\u00e9e pendant un temps au sein du comit\u00e9 citoyen, j\u2019y ai cherch\u00e9 un espace d\u2019action et de r\u00e9flexion pour contribuer concr\u00e8tement \u00e0 la vie locale. Si cette exp\u00e9rience ne m\u2019a pas pleinement satisfaite, elle a renforc\u00e9 ma conviction qu\u2019il est possible de faire autrement \u2014 et peut-\u00eatre mieux \u2014 afin que des actions concr\u00e8tes, locales et pragmatiques aient un impact r\u00e9el et b\u00e9n\u00e9fique sur le quotidien des habitants.<\/p>\n<p>Aujourd\u2019hui, je souhaite mettre mon \u00e9nergie et mon sens de l\u2019engagement au service d\u2019initiatives utiles, proches des pr\u00e9occupations des Voreppins, et tourn\u00e9es vers un cadre de vie plus harmonieux et vivant.<\/p>\n","protected":false},"excerpt":{"rendered":"<p>\u00c2g\u00e9e de 57 ans, je vis \u00e0 Voreppe depuis une dizaine d&rsquo;ann\u00e9e. M\u00e8re de trois enfants et professeure de physique, j\u2019ai toujours eu \u00e0 c\u0153ur &hellip; <\/p>\n","protected":false},"author":7,"featured_media":0,"comment_status":"closed","ping_status":"closed","sticky":false,"template":"","format":"standard","meta":{"footnotes":""},"categories":[18],"tags":[],"class_list":["post-889","post","type-post","status-publish","format-standard","hentry","category-candidats"],"_links":{"self":[{"href":"http:\/\/www.voreppeavenir.fr\/changeons\/wp-json\/wp\/v2\/posts\/889","targetHints":{"allow":["GET"]}}],"collection":[{"href":"http:\/\/www.voreppeavenir.fr\/changeons\/wp-json\/wp\/v2\/posts"}],"about":[{"href":"http:\/\/www.voreppeavenir.fr\/changeons\/wp-json\/wp\/v2\/types\/post"}],"author":[{"embeddable":true,"href":"http:\/\/www.voreppeavenir.fr\/changeons\/wp-json\/wp\/v2\/users\/7"}],"replies":[{"embeddable":true,"href":"http:\/\/www.voreppeavenir.fr\/changeons\/wp-json\/wp\/v2\/comments?post=889"}],"version-history":[{"count":2,"href":"http:\/\/www.voreppeavenir.fr\/changeons\/wp-json\/wp\/v2\/posts\/889\/revisions"}],"predecessor-version":[{"id":912,"href":"http:\/\/www.voreppeavenir.fr\/changeons\/wp-json\/wp\/v2\/posts\/889\/revisions\/912"}],"wp:attachment":[{"href":"http:\/\/www.voreppeavenir.fr\/changeons\/wp-json\/wp\/v2\/media?parent=889"}],"wp:term":[{"taxonomy":"category","embeddable":true,"href":"http:\/\/www.voreppeavenir.fr\/changeons\/wp-json\/wp\/v2\/categories?post=889"},{"taxonomy":"post_tag","embeddable":true,"href":"http:\/\/www.voreppeavenir.fr\/changeons\/wp-json\/wp\/v2\/tags?post=889"}],"curies":[{"name":"wp","href":"https:\/\/api.w.org\/{rel}","templated":true}]}}