{"id":885,"date":"2026-02-20T08:08:25","date_gmt":"2026-02-20T07:08:25","guid":{"rendered":"http:\/\/www.voreppeavenir.fr\/changeons\/?p=885"},"modified":"2026-02-24T06:32:37","modified_gmt":"2026-02-24T05:32:37","slug":"laurent-alacoque","status":"publish","type":"post","link":"http:\/\/www.voreppeavenir.fr\/changeons\/laurent-alacoque\/","title":{"rendered":"Laurent ALACOQUE"},"content":{"rendered":"<p><img decoding=\"async\" class=\"alignright size-full wp-image-887\" src=\"http:\/\/www.voreppeavenir.fr\/changeons\/wp-content\/uploads\/2026\/02\/laurent_alacoque_vignette.jpg\" alt=\"\" width=\"20%\" srcset=\"http:\/\/www.voreppeavenir.fr\/changeons\/wp-content\/uploads\/2026\/02\/laurent_alacoque_vignette.jpg 400w, http:\/\/www.voreppeavenir.fr\/changeons\/wp-content\/uploads\/2026\/02\/laurent_alacoque_vignette-282x300.jpg 282w\" sizes=\"(max-width: 400px) 100vw, 400px\" \/>Ing\u00e9nieur-chercheur en micro\u00e9lectronique au CEA, \u00e0 51 ans Voreppe est ma ville d\u2019adoption depuis plus de 25 ans. J\u2019ai eu la chance d\u2019y faire pousser mes trois filles qui ont fr\u00e9quent\u00e9 les bancs de l\u2019\u00e9cole Debelle, l\u2019\u00e9cole de musique, la danse, le th\u00e9\u00e2tre, le hip-hop&#8230;<\/p>\n<p>Je suis attach\u00e9 \u00e0 cette ville travers\u00e9e par un torrent dans l\u2019\u00e9crin de ces montagnes toujours changeantes.<\/p>\n<p>Longtemps spectateur attentif de la vie politique locale, je m\u2019engage aupr\u00e8s de cette liste dont j\u2019ai souvent admir\u00e9 l\u2019engagement, la gouvernance et le travail s\u00e9rieux au service du plus grand nombre.<\/p>\n<p>Je suis attach\u00e9 \u00e0 la diversit\u00e9 des points de vues dans le d\u00e9bat d\u00e9mocratique et je crois au pouvoir de la discussion au sein du conseil municipal pour faire \u00e9merger les compromis qui profitent \u00e0 tous.<\/p>\n","protected":false},"excerpt":{"rendered":"<p>Ing\u00e9nieur-chercheur en micro\u00e9lectronique au CEA, \u00e0 51 ans Voreppe est ma ville d\u2019adoption depuis plus de 25 ans. J\u2019ai eu la chance d\u2019y faire pousser &hellip; <\/p>\n","protected":false},"author":7,"featured_media":0,"comment_status":"closed","ping_status":"closed","sticky":false,"template":"","format":"standard","meta":{"footnotes":""},"categories":[18],"tags":[],"class_list":["post-885","post","type-post","status-publish","format-standard","hentry","category-candidats"],"_links":{"self":[{"href":"http:\/\/www.voreppeavenir.fr\/changeons\/wp-json\/wp\/v2\/posts\/885","targetHints":{"allow":["GET"]}}],"collection":[{"href":"http:\/\/www.voreppeavenir.fr\/changeons\/wp-json\/wp\/v2\/posts"}],"about":[{"href":"http:\/\/www.voreppeavenir.fr\/changeons\/wp-json\/wp\/v2\/types\/post"}],"author":[{"embeddable":true,"href":"http:\/\/www.voreppeavenir.fr\/changeons\/wp-json\/wp\/v2\/users\/7"}],"replies":[{"embeddable":true,"href":"http:\/\/www.voreppeavenir.fr\/changeons\/wp-json\/wp\/v2\/comments?post=885"}],"version-history":[{"count":2,"href":"http:\/\/www.voreppeavenir.fr\/changeons\/wp-json\/wp\/v2\/posts\/885\/revisions"}],"predecessor-version":[{"id":888,"href":"http:\/\/www.voreppeavenir.fr\/changeons\/wp-json\/wp\/v2\/posts\/885\/revisions\/888"}],"wp:attachment":[{"href":"http:\/\/www.voreppeavenir.fr\/changeons\/wp-json\/wp\/v2\/media?parent=885"}],"wp:term":[{"taxonomy":"category","embeddable":true,"href":"http:\/\/www.voreppeavenir.fr\/changeons\/wp-json\/wp\/v2\/categories?post=885"},{"taxonomy":"post_tag","embeddable":true,"href":"http:\/\/www.voreppeavenir.fr\/changeons\/wp-json\/wp\/v2\/tags?post=885"}],"curies":[{"name":"wp","href":"https:\/\/api.w.org\/{rel}","templated":true}]}}