{"id":882,"date":"2026-02-20T08:14:37","date_gmt":"2026-02-20T07:14:37","guid":{"rendered":"http:\/\/www.voreppeavenir.fr\/changeons\/?p=882"},"modified":"2026-02-24T06:35:38","modified_gmt":"2026-02-24T05:35:38","slug":"marie-paul-geay","status":"publish","type":"post","link":"http:\/\/www.voreppeavenir.fr\/changeons\/marie-paul-geay\/","title":{"rendered":"Marie-Paul GEAY"},"content":{"rendered":"<p><img decoding=\"async\" class=\"alignright size-full wp-image-883\" src=\"http:\/\/www.voreppeavenir.fr\/changeons\/wp-content\/uploads\/2026\/02\/marie_paul_geay_vignette.jpg\" alt=\"\" width=\"20%\" srcset=\"http:\/\/www.voreppeavenir.fr\/changeons\/wp-content\/uploads\/2026\/02\/marie_paul_geay_vignette.jpg 400w, http:\/\/www.voreppeavenir.fr\/changeons\/wp-content\/uploads\/2026\/02\/marie_paul_geay_vignette-268x300.jpg 268w\" sizes=\"(max-width: 400px) 100vw, 400px\" \/>Retrait\u00e9e, m\u00e8re de 3 enfants, je vis \u00e0 Voreppe-centre depuis 40 ans.<\/p>\n<p>A mon arriv\u00e9e sur la commune, j\u2019avais quitt\u00e9 mon poste de jeune ing\u00e9nieur et j\u2019ai d\u00e9cid\u00e9 de prendre un cong\u00e9 parental : en parall\u00e8le de mon r\u00f4le de m\u00e8re au foyer, je me suis rapidement engag\u00e9e dans la vie associative locale.<\/p>\n<p>Les enfants ont trouv\u00e9 un cadre \u00e0 proximit\u00e9 de la nature qui leur permettait de faire des activit\u00e9s, du sport, de la musique, et j\u2019ai rencontr\u00e9 des professionnels et des b\u00e9n\u00e9voles passionn\u00e9s et passionnants.<\/p>\n<p>Ces dix ann\u00e9es de rencontres, de projets et d\u2019accompagnement des personnes m\u2019ont conduite \u00e0 initier une reconversion professionnelle : j\u2019ai repris une activit\u00e9 professionnelle de formatrice pour adultes, conseill\u00e8re \u00e0 l\u2019emploi \u00e0 l&rsquo;ANPE, puis directrice d\u2019agence p\u00f4le emploi sur le bassin grenoblois, jusqu\u2019\u00e0 l\u2019\u00e2ge de la retraite. Je peux maintenant profiter des sentiers de randonn\u00e9e et de mon temps libre pour pratiquer la marche nordique dans une nature encore pr\u00e9serv\u00e9e mais fragile.<\/p>\n<p>J\u2019ai rejoint Voreppe Avenir en 2008 et le conseil municipal en 2012. Avec l\u2019\u00e9quipe en place nous avons alors initi\u00e9 de nombreux projets structurants pour Voreppe qui aujourd\u2019hui font partie du paysage : la chaufferie bois, l\u2019Arrosoir, le centre social Rosa Parks, \u2026.<\/p>\n<p>Je suis candidate avec \u00ab\u00a0Voreppe Avenir : Changeons !\u00a0\u00bb car je suis profond\u00e9ment attach\u00e9e \u00e0 la recherche de r\u00e9ponses concr\u00e8tes, durables et justes face aux d\u00e9fis auxquels nous sommes et serons confront\u00e9s.<\/p>\n<p>Dans l\u2019opposition depuis 12 ans, les \u00e9lus de Voreppe Avenir ont su tenir leur place sur la commune et \u00e0 la communaut\u00e9 d&rsquo;Agglom\u00e9ration du Pays Voironnais, ils se sont investis pour suivre les projets, comprendre les enjeux, faire entendre leurs voix et leurs d\u00e9saccords, \u00e9couter les habitants et trouver les bons arguments. Cette exp\u00e9rience au service d&rsquo; une \u00e9quipe renouvel\u00e9e, saura servir au mieux l\u2019int\u00e9r\u00eat des Voreppins.<\/p>\n","protected":false},"excerpt":{"rendered":"<p>Retrait\u00e9e, m\u00e8re de 3 enfants, je vis \u00e0 Voreppe-centre depuis 40 ans. A mon arriv\u00e9e sur la commune, j\u2019avais quitt\u00e9 mon poste de jeune ing\u00e9nieur &hellip; <\/p>\n","protected":false},"author":7,"featured_media":0,"comment_status":"closed","ping_status":"closed","sticky":false,"template":"","format":"standard","meta":{"footnotes":""},"categories":[18],"tags":[],"class_list":["post-882","post","type-post","status-publish","format-standard","hentry","category-candidats"],"_links":{"self":[{"href":"http:\/\/www.voreppeavenir.fr\/changeons\/wp-json\/wp\/v2\/posts\/882","targetHints":{"allow":["GET"]}}],"collection":[{"href":"http:\/\/www.voreppeavenir.fr\/changeons\/wp-json\/wp\/v2\/posts"}],"about":[{"href":"http:\/\/www.voreppeavenir.fr\/changeons\/wp-json\/wp\/v2\/types\/post"}],"author":[{"embeddable":true,"href":"http:\/\/www.voreppeavenir.fr\/changeons\/wp-json\/wp\/v2\/users\/7"}],"replies":[{"embeddable":true,"href":"http:\/\/www.voreppeavenir.fr\/changeons\/wp-json\/wp\/v2\/comments?post=882"}],"version-history":[{"count":1,"href":"http:\/\/www.voreppeavenir.fr\/changeons\/wp-json\/wp\/v2\/posts\/882\/revisions"}],"predecessor-version":[{"id":884,"href":"http:\/\/www.voreppeavenir.fr\/changeons\/wp-json\/wp\/v2\/posts\/882\/revisions\/884"}],"wp:attachment":[{"href":"http:\/\/www.voreppeavenir.fr\/changeons\/wp-json\/wp\/v2\/media?parent=882"}],"wp:term":[{"taxonomy":"category","embeddable":true,"href":"http:\/\/www.voreppeavenir.fr\/changeons\/wp-json\/wp\/v2\/categories?post=882"},{"taxonomy":"post_tag","embeddable":true,"href":"http:\/\/www.voreppeavenir.fr\/changeons\/wp-json\/wp\/v2\/tags?post=882"}],"curies":[{"name":"wp","href":"https:\/\/api.w.org\/{rel}","templated":true}]}}