{"id":875,"date":"2026-02-20T08:16:05","date_gmt":"2026-02-20T07:16:05","guid":{"rendered":"http:\/\/www.voreppeavenir.fr\/changeons\/?p=875"},"modified":"2026-02-24T06:36:36","modified_gmt":"2026-02-24T05:36:36","slug":"marie-arnould","status":"publish","type":"post","link":"http:\/\/www.voreppeavenir.fr\/changeons\/marie-arnould\/","title":{"rendered":"Marie ARNOULD"},"content":{"rendered":"<p><img decoding=\"async\" class=\"alignright size-full wp-image-876\" src=\"http:\/\/www.voreppeavenir.fr\/changeons\/wp-content\/uploads\/2026\/02\/marie_arnould_vignette.jpg\" alt=\"\" width=\"20%\" srcset=\"http:\/\/www.voreppeavenir.fr\/changeons\/wp-content\/uploads\/2026\/02\/marie_arnould_vignette.jpg 400w, http:\/\/www.voreppeavenir.fr\/changeons\/wp-content\/uploads\/2026\/02\/marie_arnould_vignette-258x300.jpg 258w\" sizes=\"(max-width: 400px) 100vw, 400px\" \/>Infirmi\u00e8re aupr\u00e8s de personnes \u00e2g\u00e9es et m\u00e8re de famille, je vis \u00e0 Voreppe depuis 23 ans.<\/p>\n<p>Investie de longue date dans la vie locale, j\u2019ai \u00e9t\u00e9 active au sou des \u00e9coles puis au sein de la MJC dont j\u2019ai \u00e9t\u00e9 pr\u00e9sidente quelques ann\u00e9es.<\/p>\n<p>Cet engagement m\u2019a permis de d\u00e9fendre les valeurs de l\u2019\u00e9ducation populaire, ainsi que l\u2019acc\u00e8s \u00e0 la culture et aux loisirs pour toutes et tous, quels que soient l\u2019\u00e2ge ou la situation.<\/p>\n<p>Je suis profond\u00e9ment attach\u00e9e \u00e0 la qualit\u00e9 de vie \u00e0 Voreppe, \u00e0 la proximit\u00e9 avec la nature et la montagne, et \u00e0 un d\u00e9veloppement respectueux de notre environnement. Je d\u00e9fends une commune solidaire, qui encourage la consommation locale, soutient l\u2019agriculture de proximit\u00e9 et agit concr\u00e8tement pour la transition \u00e9cologique.<\/p>\n<p>\u00c0 titre personnel, je me d\u00e9place \u00e0 v\u00e9lo et consomme le plus localement possible, par coh\u00e9rence avec ces engagements.<\/p>\n","protected":false},"excerpt":{"rendered":"<p>Infirmi\u00e8re aupr\u00e8s de personnes \u00e2g\u00e9es et m\u00e8re de famille, je vis \u00e0 Voreppe depuis 23 ans. Investie de longue date dans la vie locale, j\u2019ai &hellip; <\/p>\n","protected":false},"author":7,"featured_media":0,"comment_status":"closed","ping_status":"closed","sticky":false,"template":"","format":"standard","meta":{"footnotes":""},"categories":[18],"tags":[],"class_list":["post-875","post","type-post","status-publish","format-standard","hentry","category-candidats"],"_links":{"self":[{"href":"http:\/\/www.voreppeavenir.fr\/changeons\/wp-json\/wp\/v2\/posts\/875","targetHints":{"allow":["GET"]}}],"collection":[{"href":"http:\/\/www.voreppeavenir.fr\/changeons\/wp-json\/wp\/v2\/posts"}],"about":[{"href":"http:\/\/www.voreppeavenir.fr\/changeons\/wp-json\/wp\/v2\/types\/post"}],"author":[{"embeddable":true,"href":"http:\/\/www.voreppeavenir.fr\/changeons\/wp-json\/wp\/v2\/users\/7"}],"replies":[{"embeddable":true,"href":"http:\/\/www.voreppeavenir.fr\/changeons\/wp-json\/wp\/v2\/comments?post=875"}],"version-history":[{"count":1,"href":"http:\/\/www.voreppeavenir.fr\/changeons\/wp-json\/wp\/v2\/posts\/875\/revisions"}],"predecessor-version":[{"id":877,"href":"http:\/\/www.voreppeavenir.fr\/changeons\/wp-json\/wp\/v2\/posts\/875\/revisions\/877"}],"wp:attachment":[{"href":"http:\/\/www.voreppeavenir.fr\/changeons\/wp-json\/wp\/v2\/media?parent=875"}],"wp:term":[{"taxonomy":"category","embeddable":true,"href":"http:\/\/www.voreppeavenir.fr\/changeons\/wp-json\/wp\/v2\/categories?post=875"},{"taxonomy":"post_tag","embeddable":true,"href":"http:\/\/www.voreppeavenir.fr\/changeons\/wp-json\/wp\/v2\/tags?post=875"}],"curies":[{"name":"wp","href":"https:\/\/api.w.org\/{rel}","templated":true}]}}