{"id":855,"date":"2026-02-20T08:24:23","date_gmt":"2026-02-20T07:24:23","guid":{"rendered":"http:\/\/www.voreppeavenir.fr\/changeons\/?p=855"},"modified":"2026-02-24T06:39:21","modified_gmt":"2026-02-24T05:39:21","slug":"guillaume-bras","status":"publish","type":"post","link":"http:\/\/www.voreppeavenir.fr\/changeons\/guillaume-bras\/","title":{"rendered":"Guillaume BRAS"},"content":{"rendered":"<p><img decoding=\"async\" class=\"alignright size-full wp-image-856\" src=\"http:\/\/www.voreppeavenir.fr\/changeons\/wp-content\/uploads\/2026\/02\/guillaume_bras_vignette.jpg\" alt=\"\" width=\"20%\" srcset=\"http:\/\/www.voreppeavenir.fr\/changeons\/wp-content\/uploads\/2026\/02\/guillaume_bras_vignette.jpg 400w, http:\/\/www.voreppeavenir.fr\/changeons\/wp-content\/uploads\/2026\/02\/guillaume_bras_vignette-240x300.jpg 240w\" sizes=\"(max-width: 400px) 100vw, 400px\" \/>Habitant de Voreppe depuis une dizaine d&rsquo;ann\u00e9es et p\u00e8re de 3 enfants, je travaille sur la m\u00e9tropole grenobloise en tant que responsable technique dans le domaine du logiciel m\u00e9dical. J&rsquo;ai 40 ans.<\/p>\n<p>Utilisateur r\u00e9gulier du train et cycliste au quotidien, j&rsquo;ai pu voir comment \u00e0 quel point la m\u00e9tropole s&rsquo;est transform\u00e9e pour accueillir les mobilit\u00e9s douces et en suis admiratif : pour une fois que nos imp\u00f4ts ne construisent pas que des routes, et pr\u00e9servent la vie de celles et ceux (toujours plus nombreux) qui marchent, p\u00e9dalent, trottinent !<\/p>\n<p>Sur Voreppe, j&rsquo;ai eu l&rsquo;occasion de m&rsquo;investir dans plusieurs associations, puis dans la campagne de 2020, avant de rejoindre le groupe d&rsquo;\u00e9lus Voreppe Avenir en tant que conseiller municipal il y a deux ans. <\/p>\n<p>Cette fin de mandat m&rsquo;a permis de d\u00e9couvrir le fonctionnement de deux commissions (ressources et moyens ; \u00e9ducation p\u00e9riscolaire jeunesse) et de mesurer les contraintes qui p\u00e8sent sur les services, les d\u00e9lais de mise en \u0153uvre, les incongruit\u00e9s de notre commune.<\/p>\n<p>\u00c7a a \u00e9t\u00e9 tr\u00e8s frustrant de voir la majorit\u00e9 sortante prendre de mauvaises d\u00e9cisions en d\u00e9pit de nos alarmes, m\u00eame si c&rsquo;est le jeu de la d\u00e9mocratie &#8211; on peine \u00e0 voir le sens v\u00e9ritable de certaines actions.<\/p>\n<p>M\u00eame si le monde dans lequel on vit n&rsquo;est pas toujours rose, je suis convaincu que des actions locales et concr\u00e8tes, men\u00e9es avec passion, peuvent avoir un effet b\u00e9n\u00e9fique \u00e0 la fois sur notre commune mais aussi plus largement. Et notre monde a besoin de se ressaisir ! Il faut pour cela que les \u00e9lus portent et vivent les changements, qu&rsquo;ils soient dans le quotidien !<\/p>\n","protected":false},"excerpt":{"rendered":"<p>Habitant de Voreppe depuis une dizaine d&rsquo;ann\u00e9es et p\u00e8re de 3 enfants, je travaille sur la m\u00e9tropole grenobloise en tant que responsable technique dans le &hellip; <\/p>\n","protected":false},"author":7,"featured_media":0,"comment_status":"closed","ping_status":"closed","sticky":false,"template":"","format":"standard","meta":{"footnotes":""},"categories":[18,22],"tags":[],"class_list":["post-855","post","type-post","status-publish","format-standard","hentry","category-candidats","category-pays-voironnais"],"_links":{"self":[{"href":"http:\/\/www.voreppeavenir.fr\/changeons\/wp-json\/wp\/v2\/posts\/855","targetHints":{"allow":["GET"]}}],"collection":[{"href":"http:\/\/www.voreppeavenir.fr\/changeons\/wp-json\/wp\/v2\/posts"}],"about":[{"href":"http:\/\/www.voreppeavenir.fr\/changeons\/wp-json\/wp\/v2\/types\/post"}],"author":[{"embeddable":true,"href":"http:\/\/www.voreppeavenir.fr\/changeons\/wp-json\/wp\/v2\/users\/7"}],"replies":[{"embeddable":true,"href":"http:\/\/www.voreppeavenir.fr\/changeons\/wp-json\/wp\/v2\/comments?post=855"}],"version-history":[{"count":3,"href":"http:\/\/www.voreppeavenir.fr\/changeons\/wp-json\/wp\/v2\/posts\/855\/revisions"}],"predecessor-version":[{"id":874,"href":"http:\/\/www.voreppeavenir.fr\/changeons\/wp-json\/wp\/v2\/posts\/855\/revisions\/874"}],"wp:attachment":[{"href":"http:\/\/www.voreppeavenir.fr\/changeons\/wp-json\/wp\/v2\/media?parent=855"}],"wp:term":[{"taxonomy":"category","embeddable":true,"href":"http:\/\/www.voreppeavenir.fr\/changeons\/wp-json\/wp\/v2\/categories?post=855"},{"taxonomy":"post_tag","embeddable":true,"href":"http:\/\/www.voreppeavenir.fr\/changeons\/wp-json\/wp\/v2\/tags?post=855"}],"curies":[{"name":"wp","href":"https:\/\/api.w.org\/{rel}","templated":true}]}}