{"id":795,"date":"2026-02-20T08:17:38","date_gmt":"2026-02-20T07:17:38","guid":{"rendered":"http:\/\/www.voreppeavenir.fr\/changeons\/?p=795"},"modified":"2026-02-24T06:36:59","modified_gmt":"2026-02-24T05:36:59","slug":"didier-mondelain","status":"publish","type":"post","link":"http:\/\/www.voreppeavenir.fr\/changeons\/didier-mondelain\/","title":{"rendered":"Didier MONDELAIN"},"content":{"rendered":"<p><img decoding=\"async\" class=\"alignright size-full wp-image-797\" src=\"http:\/\/www.voreppeavenir.fr\/changeons\/wp-content\/uploads\/2026\/02\/didier_mondelain_vignette.jpg\" alt=\"\" width=\"20%\" srcset=\"http:\/\/www.voreppeavenir.fr\/changeons\/wp-content\/uploads\/2026\/02\/didier_mondelain_vignette.jpg 400w, http:\/\/www.voreppeavenir.fr\/changeons\/wp-content\/uploads\/2026\/02\/didier_mondelain_vignette-241x300.jpg 241w\" sizes=\"(max-width: 400px) 100vw, 400px\" \/>\u00c2g\u00e9 de 51 ans, je suis chercheur en physique au sein d\u2019un organisme public de recherche. Mari\u00e9 et p\u00e8re de quatre gar\u00e7ons \u00e2g\u00e9s de 16 \u00e0 24 ans, nous vivons \u00e0 Voreppe depuis une quinzaine d\u2019ann\u00e9es. Mon m\u00e9tier m\u2019a appris la rigueur, l\u2019organisation, la pers\u00e9v\u00e9rance et la cr\u00e9ativit\u00e9.<\/p>\n<p>Face \u00e0 certains aspects de la politique \u2014 comme le carri\u00e9risme ou le manque d\u2019honn\u00eatet\u00e9 intellectuelle \u2014 et convaincu qu\u2019il est possible d\u2019agir concr\u00e8tement \u00e0 l\u2019\u00e9chelle locale, j\u2019ai choisi de m\u2019engager sur la liste \u00ab\u00a0Voreppe\u00a0Avenir\u00a0:\u00a0Changeons\u00a0!\u00a0\u00bb qui d\u00e9fend le dialogue, l\u2019\u00e9coute, le respect, la transparence et la participation de tous les habitants \u00e0 la vie de notre commune.<\/p>\n<p>Les mobilit\u00e9s douces, le sport, la culture et l\u2019adaptation n\u00e9cessaire de notre ville au changement climatique sont des sujets qui m\u2019int\u00e9ressent particuli\u00e8rement.<\/p>\n<p>Je consid\u00e8re que le travail d\u2019un \u00e9lu municipal \u2014 concilier contraintes r\u00e9glementaires et budg\u00e9taires tout en menant \u00e0 bien un programme ambitieux \u2014 se rapproche de certains aspects du m\u00e9tier de chercheur : analyser finement une situation complexe pour prendre des d\u00e9cisions \u00e9clair\u00e9es et atteindre les objectifs fix\u00e9s.<\/p>\n<p>Attach\u00e9 \u00e0 Voreppe, je souhaite mettre mes comp\u00e9tences et mon engagement au service d\u2019une ville dynamique, solidaire et tourn\u00e9e vers l\u2019avenir.<\/p>\n","protected":false},"excerpt":{"rendered":"<p>\u00c2g\u00e9 de 51 ans, je suis chercheur en physique au sein d\u2019un organisme public de recherche. Mari\u00e9 et p\u00e8re de quatre gar\u00e7ons \u00e2g\u00e9s de 16 &hellip; <\/p>\n","protected":false},"author":7,"featured_media":0,"comment_status":"closed","ping_status":"closed","sticky":false,"template":"","format":"standard","meta":{"footnotes":""},"categories":[18],"tags":[],"class_list":["post-795","post","type-post","status-publish","format-standard","hentry","category-candidats"],"_links":{"self":[{"href":"http:\/\/www.voreppeavenir.fr\/changeons\/wp-json\/wp\/v2\/posts\/795","targetHints":{"allow":["GET"]}}],"collection":[{"href":"http:\/\/www.voreppeavenir.fr\/changeons\/wp-json\/wp\/v2\/posts"}],"about":[{"href":"http:\/\/www.voreppeavenir.fr\/changeons\/wp-json\/wp\/v2\/types\/post"}],"author":[{"embeddable":true,"href":"http:\/\/www.voreppeavenir.fr\/changeons\/wp-json\/wp\/v2\/users\/7"}],"replies":[{"embeddable":true,"href":"http:\/\/www.voreppeavenir.fr\/changeons\/wp-json\/wp\/v2\/comments?post=795"}],"version-history":[{"count":3,"href":"http:\/\/www.voreppeavenir.fr\/changeons\/wp-json\/wp\/v2\/posts\/795\/revisions"}],"predecessor-version":[{"id":799,"href":"http:\/\/www.voreppeavenir.fr\/changeons\/wp-json\/wp\/v2\/posts\/795\/revisions\/799"}],"wp:attachment":[{"href":"http:\/\/www.voreppeavenir.fr\/changeons\/wp-json\/wp\/v2\/media?parent=795"}],"wp:term":[{"taxonomy":"category","embeddable":true,"href":"http:\/\/www.voreppeavenir.fr\/changeons\/wp-json\/wp\/v2\/categories?post=795"},{"taxonomy":"post_tag","embeddable":true,"href":"http:\/\/www.voreppeavenir.fr\/changeons\/wp-json\/wp\/v2\/tags?post=795"}],"curies":[{"name":"wp","href":"https:\/\/api.w.org\/{rel}","templated":true}]}}