{"id":785,"date":"2026-02-20T08:29:19","date_gmt":"2026-02-20T07:29:19","guid":{"rendered":"http:\/\/www.voreppeavenir.fr\/changeons\/?p=785"},"modified":"2026-02-24T06:42:21","modified_gmt":"2026-02-24T05:42:21","slug":"caroline-boudou","status":"publish","type":"post","link":"http:\/\/www.voreppeavenir.fr\/changeons\/caroline-boudou\/","title":{"rendered":"Caroline BOUDOU"},"content":{"rendered":"<p><img decoding=\"async\" class=\"size-full alignright wp-image-787\" src=\"http:\/\/www.voreppeavenir.fr\/changeons\/wp-content\/uploads\/2026\/02\/caroline_boudou_vignette.jpg\" alt=\"\" width=\"20%\" srcset=\"http:\/\/www.voreppeavenir.fr\/changeons\/wp-content\/uploads\/2026\/02\/caroline_boudou_vignette.jpg 400w, http:\/\/www.voreppeavenir.fr\/changeons\/wp-content\/uploads\/2026\/02\/caroline_boudou_vignette-255x300.jpg 255w\" sizes=\"(max-width: 400px) 100vw, 400px\" \/>Je vis \u00e0 Voreppe, intens\u00e9ment, depuis 13 ans\u00a0!<\/p>\n<p>En famille, avec des amis ou seule, je parcours tr\u00e8s r\u00e9guli\u00e8rement les sentiers de Voreppe avec un plaisir toujours renouvel\u00e9.<\/p>\n<p>Je b\u00e9n\u00e9ficie pleinement, avec ma famille, de la vitalit\u00e9 des associations voreppines, MJC comprise. L\u2019\u00e9cole de musique est un v\u00e9ritable atout. Sans les commerces et l\u2019offre de restauration du centre-ville, j\u2019aurais probablement quitt\u00e9 la commune. <\/p>\n<p><strong>Je souhaite que ce cadre de vie soit pr\u00e9serv\u00e9, renforc\u00e9 et partag\u00e9 par toutes et tous.<\/strong><\/p>\n<p>Si aujourd\u2019hui je m\u2019engage \u00e0 devenir conseill\u00e8re municipale, c\u2019est pour servir la communaut\u00e9 et construire ensemble un avenir d\u00e9sirable, avec inventivit\u00e9 et bonne humeur\u00a0!<\/p>\n<ul>\n<li><strong>Libert\u00e9 et solidarit\u00e9<\/strong> sont au c\u0153ur de mon engagement<\/li>\n<li><strong>Int\u00e9grit\u00e9 et sinc\u00e9rit\u00e9<\/strong> guident dans ma mani\u00e8re d\u2019agir<\/li>\n<li>Travailler <strong>avec le vivant<\/strong>, pas contre lui, face aux al\u00e9as climatiques<\/li>\n<\/ul>\n<p>De par mon parcours de vie, je suis particuli\u00e8rement sensible aux difficult\u00e9s de logement. La s\u00e9curit\u00e9 alimentaire me tient aussi \u00e0 c\u0153ur : que ce soit pour les repas du quotidien ou en pr\u00e9vision de p\u00e9riodes de crise.<\/p>\n<p>C\u2019est une th\u00e9matique que j\u2019ai pu approfondir lors de divers engagements associatifs et citoyens (\u00ab\u00a0les Shifters\u00a0\u00bb, collectif pour l\u2019alimentation et l\u2019agriculture, conseil de d\u00e9veloppement du pays Voironnais).<\/p>\n<p>M\u00e8re de trois enfants scolaris\u00e9s au coll\u00e8ge Malraux et lyc\u00e9e Buisson, je travaille dans un laboratoire sur Grenoble o\u00f9 je me rends en v\u00e9lo et train.<\/p>\n","protected":false},"excerpt":{"rendered":"<p>Je vis \u00e0 Voreppe, intens\u00e9ment, depuis 13 ans\u00a0! En famille, avec des amis ou seule, je parcours tr\u00e8s r\u00e9guli\u00e8rement les sentiers de Voreppe avec un &hellip; <\/p>\n","protected":false},"author":7,"featured_media":0,"comment_status":"closed","ping_status":"closed","sticky":false,"template":"","format":"standard","meta":{"footnotes":""},"categories":[18,22],"tags":[],"class_list":["post-785","post","type-post","status-publish","format-standard","hentry","category-candidats","category-pays-voironnais"],"_links":{"self":[{"href":"http:\/\/www.voreppeavenir.fr\/changeons\/wp-json\/wp\/v2\/posts\/785","targetHints":{"allow":["GET"]}}],"collection":[{"href":"http:\/\/www.voreppeavenir.fr\/changeons\/wp-json\/wp\/v2\/posts"}],"about":[{"href":"http:\/\/www.voreppeavenir.fr\/changeons\/wp-json\/wp\/v2\/types\/post"}],"author":[{"embeddable":true,"href":"http:\/\/www.voreppeavenir.fr\/changeons\/wp-json\/wp\/v2\/users\/7"}],"replies":[{"embeddable":true,"href":"http:\/\/www.voreppeavenir.fr\/changeons\/wp-json\/wp\/v2\/comments?post=785"}],"version-history":[{"count":8,"href":"http:\/\/www.voreppeavenir.fr\/changeons\/wp-json\/wp\/v2\/posts\/785\/revisions"}],"predecessor-version":[{"id":871,"href":"http:\/\/www.voreppeavenir.fr\/changeons\/wp-json\/wp\/v2\/posts\/785\/revisions\/871"}],"wp:attachment":[{"href":"http:\/\/www.voreppeavenir.fr\/changeons\/wp-json\/wp\/v2\/media?parent=785"}],"wp:term":[{"taxonomy":"category","embeddable":true,"href":"http:\/\/www.voreppeavenir.fr\/changeons\/wp-json\/wp\/v2\/categories?post=785"},{"taxonomy":"post_tag","embeddable":true,"href":"http:\/\/www.voreppeavenir.fr\/changeons\/wp-json\/wp\/v2\/tags?post=785"}],"curies":[{"name":"wp","href":"https:\/\/api.w.org\/{rel}","templated":true}]}}