{"id":770,"date":"2026-02-20T08:27:15","date_gmt":"2026-02-20T07:27:15","guid":{"rendered":"http:\/\/www.voreppeavenir.fr\/changeons\/?p=770"},"modified":"2026-02-24T06:40:32","modified_gmt":"2026-02-24T05:40:32","slug":"salima-ichba","status":"publish","type":"post","link":"http:\/\/www.voreppeavenir.fr\/changeons\/salima-ichba\/","title":{"rendered":"Salima ICHBA"},"content":{"rendered":"<p><img decoding=\"async\" class=\"alignright size-full wp-image-771\" src=\"http:\/\/www.voreppeavenir.fr\/changeons\/wp-content\/uploads\/2026\/02\/salima_ichba_vignette.jpg\" alt=\"\" width=\"20%\" srcset=\"http:\/\/www.voreppeavenir.fr\/changeons\/wp-content\/uploads\/2026\/02\/salima_ichba_vignette.jpg 400w, http:\/\/www.voreppeavenir.fr\/changeons\/wp-content\/uploads\/2026\/02\/salima_ichba_vignette-254x300.jpg 254w\" sizes=\"(max-width: 400px) 100vw, 400px\" \/>44 ans, m\u00e8re de 2 enfants (14 et 11 ans) scolaris\u00e9s au coll\u00e8ge Andr\u00e9 Malraux \u00e0 Voreppe. Je suis Voreppine depuis toujours\u2026<\/p>\n<p>Je suis actuellement Gestionnaire RH dans une association grenobloise \u0153uvrant contre le mal logement et qui permet \u00e0 des personnes vuln\u00e9rables et en difficult\u00e9s d\u2019avoir un logement d\u00e9cent r\u00e9pondant au besoin d\u2019insertion dans la soci\u00e9t\u00e9.<\/p>\n<p>J\u2019ai d\u00e9j\u00e0 \u00e9t\u00e9 \u00e9lue\u00a0:<\/p>\n<ul>\n<li>Dans la majorit\u00e9 de 2008 \u00e0 2014 (adjointe \u00e0 la citoyennet\u00e9 et la communication)<\/li>\n<li>Puis dans l\u2019opposition<\/li>\n<\/ul>\n<p>Je connais donc bien les difficult\u00e9s de la gestion d\u2019une commune au quotidien, avec pour objectif premier, pour nous, la satisfaction de nos concitoyens dans l\u2019int\u00e9r\u00eat g\u00e9n\u00e9ral et le vivre ensemble.<\/p>\n<p>Nous avons \u0153uvr\u00e9 pour que la commune soit toujours plus proche de ses citoyens, attentive aux besoins de chacun, tout en ayant en ligne de mire l\u2019int\u00e9r\u00eat g\u00e9n\u00e9ral. Des valeurs que l\u2019on a perdues ces derni\u00e8res ann\u00e9es.<\/p>\n<p>Mes centres d\u2019int\u00e9r\u00eat ont \u00e9volu\u00e9 avec les ann\u00e9es et mes enfants\u00a0: l\u2019\u00e9ducation, le sport, la culture, la citoyennet\u00e9 mise en parall\u00e8le \u00e0 la jeunesse, qui m\u2019am\u00e8nent \u00e0 dire qu\u2019une place doit leur \u00eatre faite, \u00e0 cette jeunesse.<\/p>\n<p>Aujourd\u2019hui, les Voreppins ont besoin de changement, ils ont besoin d\u2019\u00eatre remis au centre des d\u00e9cisions prises pour leur ville.<\/p>\n<p>C\u2019est pour cela que je m\u2019engage sur cette liste guid\u00e9e par l\u2019envie de participer concr\u00e8tement \u00e0 un projet municipal, qui ne fait pas que promettre, mais qui va travailler avec tous les Voreppins, en toute transparence, quels que soient leur \u00e2ge, leur quartier, leur niveau social ou leurs origines.<\/p>\n<p>L\u2019objectif de cette \u00e9quipe est de d\u00e9fendre les valeurs de respect, de solidarit\u00e9 et de justice sociale, toutes les valeurs qui m\u2019animent dans la vie.<\/p>\n<p>J\u2019ai donc ce besoin de mettre mon \u00e9nergie et mon sens de l\u2019\u00e9coute au service des habitants, pour faire de Voreppe une commune humaine et accessible, o\u00f9 il fait bon vivre et o\u00f9 je l\u2019esp\u00e8re nos enfants pourront rester.<\/p>\n","protected":false},"excerpt":{"rendered":"<p>44 ans, m\u00e8re de 2 enfants (14 et 11 ans) scolaris\u00e9s au coll\u00e8ge Andr\u00e9 Malraux \u00e0 Voreppe. Je suis Voreppine depuis toujours\u2026 Je suis actuellement &hellip; <\/p>\n","protected":false},"author":7,"featured_media":0,"comment_status":"closed","ping_status":"closed","sticky":false,"template":"","format":"standard","meta":{"footnotes":""},"categories":[18,22],"tags":[],"class_list":["post-770","post","type-post","status-publish","format-standard","hentry","category-candidats","category-pays-voironnais"],"_links":{"self":[{"href":"http:\/\/www.voreppeavenir.fr\/changeons\/wp-json\/wp\/v2\/posts\/770","targetHints":{"allow":["GET"]}}],"collection":[{"href":"http:\/\/www.voreppeavenir.fr\/changeons\/wp-json\/wp\/v2\/posts"}],"about":[{"href":"http:\/\/www.voreppeavenir.fr\/changeons\/wp-json\/wp\/v2\/types\/post"}],"author":[{"embeddable":true,"href":"http:\/\/www.voreppeavenir.fr\/changeons\/wp-json\/wp\/v2\/users\/7"}],"replies":[{"embeddable":true,"href":"http:\/\/www.voreppeavenir.fr\/changeons\/wp-json\/wp\/v2\/comments?post=770"}],"version-history":[{"count":4,"href":"http:\/\/www.voreppeavenir.fr\/changeons\/wp-json\/wp\/v2\/posts\/770\/revisions"}],"predecessor-version":[{"id":794,"href":"http:\/\/www.voreppeavenir.fr\/changeons\/wp-json\/wp\/v2\/posts\/770\/revisions\/794"}],"wp:attachment":[{"href":"http:\/\/www.voreppeavenir.fr\/changeons\/wp-json\/wp\/v2\/media?parent=770"}],"wp:term":[{"taxonomy":"category","embeddable":true,"href":"http:\/\/www.voreppeavenir.fr\/changeons\/wp-json\/wp\/v2\/categories?post=770"},{"taxonomy":"post_tag","embeddable":true,"href":"http:\/\/www.voreppeavenir.fr\/changeons\/wp-json\/wp\/v2\/tags?post=770"}],"curies":[{"name":"wp","href":"https:\/\/api.w.org\/{rel}","templated":true}]}}