{"id":767,"date":"2026-02-20T08:22:03","date_gmt":"2026-02-20T07:22:03","guid":{"rendered":"http:\/\/www.voreppeavenir.fr\/changeons\/?p=767"},"modified":"2026-02-24T06:38:42","modified_gmt":"2026-02-24T05:38:42","slug":"pascal-boisselier","status":"publish","type":"post","link":"http:\/\/www.voreppeavenir.fr\/changeons\/pascal-boisselier\/","title":{"rendered":"Pascal BOISSELIER"},"content":{"rendered":"<p><img decoding=\"async\" class=\"alignright size-full wp-image-768\" src=\"http:\/\/www.voreppeavenir.fr\/changeons\/wp-content\/uploads\/2026\/02\/pascal_boisselier_vignette.jpg\" alt=\"\" width=\"20%\" srcset=\"http:\/\/www.voreppeavenir.fr\/changeons\/wp-content\/uploads\/2026\/02\/pascal_boisselier_vignette.jpg 400w, http:\/\/www.voreppeavenir.fr\/changeons\/wp-content\/uploads\/2026\/02\/pascal_boisselier_vignette-249x300.jpg 249w\" sizes=\"(max-width: 400px) 100vw, 400px\" \/>Mari\u00e9 et p\u00e8re de deux filles de 6 et 9 ans, je travaille dans le milieu de l\u2019informatique depuis plus de 15 ans qui m\u2019a vu \u00e9voluer vers un poste de directeur de projets au sein d\u2019une soci\u00e9t\u00e9 internationale. Depuis quelques mois, je pr\u00e9pare la cr\u00e9ation de ma soci\u00e9t\u00e9 de conseils et de services informatiques, r\u00e9solument tourn\u00e9e vers les PME du secteur.<\/p>\n<p>Voreppin depuis 3 ans, j\u2019ai habit\u00e9 dans diff\u00e9rentes r\u00e9gions de France et du monde, notamment en Nouvelle-Cal\u00e9donie, o\u00f9 j\u2019ai pu acqu\u00e9rir une ouverture \u00e0 diff\u00e9rentes cultures et diff\u00e9rentes fa\u00e7ons d\u2019organiser les collectifs.<\/p>\n<p>L\u2019\u00e9cologie, la d\u00e9mocratie, les \u00e9changes, la justice sociale, la solidarit\u00e9, la communication sont des valeurs essentielles pour moi. J\u2019ai pu constater, \u00e0 travers mes exp\u00e9riences personnelles et collectives, combien des \u00e9changes sinc\u00e8res et profonds sont n\u00e9cessaires pour apaiser les tensions, att\u00e9nuer les conflits et favoriser le bien-\u00eatre et le vivre-ensemble. Dans un monde en pleine mutation, o\u00f9 la haine et le rejet de la diff\u00e9rence sont de plus en plus marqu\u00e9s, je souhaite m\u2019engager, \u00e0 mon \u00e9chelle, pour contribuer \u00e0 rassembler et \u00e0 r\u00e9concilier les Voreppins autour de ces valeurs.<\/p>\n<p>Depuis que je suis parent, je me suis engag\u00e9 dans diff\u00e9rents \u00e9tablissements scolaires, d\u2019abord comme parent d\u00e9l\u00e9gu\u00e9, puis au sein du sou des \u00e9coles, et aujourd\u2019hui en tant que pr\u00e9sident du sou des \u00e9coles Stravinski. Acteur et organisateur d\u2019\u00e9v\u00e8nements collectifs au sein de la commune, tel que le Cross des \u00e9coles de Voreppe, j\u2019aime faire vivre ces projets qui rassemblent et qui ont du sens pour les jeunes de la commune.<\/p>\n<p>Mon engagement sur la liste Voreppe Avenir est donc une continuit\u00e9 de ce parcours et s\u2019inscrit dans une volont\u00e9 de faire \u00e9voluer les choses positivement pour un futur apais\u00e9 au niveau de notre ville.<\/p>\n<p>De nombreux sujets me tiennent \u00e0 c\u0153ur, tels que le sport, la jeunesse, la mobilit\u00e9, la gestion de la propret\u00e9 et des d\u00e9chets, la vie associative etc.. Les enjeux \u00e9cologiques sont au c\u0153ur de mon engagement, dans une optique solidaire et non dogmatique, \u00e0 travers tous ces sujets.<\/p>\n","protected":false},"excerpt":{"rendered":"<p>Mari\u00e9 et p\u00e8re de deux filles de 6 et 9 ans, je travaille dans le milieu de l\u2019informatique depuis plus de 15 ans qui m\u2019a &hellip; <\/p>\n","protected":false},"author":7,"featured_media":0,"comment_status":"closed","ping_status":"closed","sticky":false,"template":"","format":"standard","meta":{"footnotes":""},"categories":[18],"tags":[],"class_list":["post-767","post","type-post","status-publish","format-standard","hentry","category-candidats"],"_links":{"self":[{"href":"http:\/\/www.voreppeavenir.fr\/changeons\/wp-json\/wp\/v2\/posts\/767","targetHints":{"allow":["GET"]}}],"collection":[{"href":"http:\/\/www.voreppeavenir.fr\/changeons\/wp-json\/wp\/v2\/posts"}],"about":[{"href":"http:\/\/www.voreppeavenir.fr\/changeons\/wp-json\/wp\/v2\/types\/post"}],"author":[{"embeddable":true,"href":"http:\/\/www.voreppeavenir.fr\/changeons\/wp-json\/wp\/v2\/users\/7"}],"replies":[{"embeddable":true,"href":"http:\/\/www.voreppeavenir.fr\/changeons\/wp-json\/wp\/v2\/comments?post=767"}],"version-history":[{"count":2,"href":"http:\/\/www.voreppeavenir.fr\/changeons\/wp-json\/wp\/v2\/posts\/767\/revisions"}],"predecessor-version":[{"id":775,"href":"http:\/\/www.voreppeavenir.fr\/changeons\/wp-json\/wp\/v2\/posts\/767\/revisions\/775"}],"wp:attachment":[{"href":"http:\/\/www.voreppeavenir.fr\/changeons\/wp-json\/wp\/v2\/media?parent=767"}],"wp:term":[{"taxonomy":"category","embeddable":true,"href":"http:\/\/www.voreppeavenir.fr\/changeons\/wp-json\/wp\/v2\/categories?post=767"},{"taxonomy":"post_tag","embeddable":true,"href":"http:\/\/www.voreppeavenir.fr\/changeons\/wp-json\/wp\/v2\/tags?post=767"}],"curies":[{"name":"wp","href":"https:\/\/api.w.org\/{rel}","templated":true}]}}