{"id":737,"date":"2026-02-20T08:13:39","date_gmt":"2026-02-20T07:13:39","guid":{"rendered":"http:\/\/www.voreppeavenir.fr\/changeons\/?p=737"},"modified":"2026-02-24T06:34:23","modified_gmt":"2026-02-24T05:34:23","slug":"rudolf-dimper","status":"publish","type":"post","link":"http:\/\/www.voreppeavenir.fr\/changeons\/rudolf-dimper\/","title":{"rendered":"Rudolf DIMPER"},"content":{"rendered":"<p><strong><img decoding=\"async\" class=\"alignright size-full wp-image-740\" src=\"http:\/\/www.voreppeavenir.fr\/changeons\/wp-content\/uploads\/2026\/02\/rudolf_dimper.jpg\" alt=\"\" width=\"20%\" srcset=\"http:\/\/www.voreppeavenir.fr\/changeons\/wp-content\/uploads\/2026\/02\/rudolf_dimper.jpg 400w, http:\/\/www.voreppeavenir.fr\/changeons\/wp-content\/uploads\/2026\/02\/rudolf_dimper-259x300.jpg 259w\" sizes=\"(max-width: 400px) 100vw, 400px\" \/>L&rsquo;esprit d&rsquo;initiative pour Voreppe<\/strong><\/p>\n<p>67 ans \u2013 Ing\u00e9nieur \u2013 Consultant en informatique \u2013 Voreppin depuis 36 ans<\/p>\n<p>D\u2019origine allemande et profond\u00e9ment europ\u00e9en, je suis install\u00e9 \u00e0 Voreppe depuis pr\u00e8s de 36 ans. Mon attachement \u00e0 notre commune s&rsquo;est construit au fil des d\u00e9cennies, au c\u0153ur d&rsquo;une ville o\u00f9 j&rsquo;ai choisi de m&rsquo;enraciner.<\/p>\n<p>Ing\u00e9nieur chimiste de formation, j\u2019ai op\u00e9r\u00e9 un tournant vers l\u2019informatique pour servir les grands laboratoires de recherche grenoblois (Neutrons, Astronomie, Synchrotron). Au Synchrotron Europ\u00e9en (ESRF), j\u2019ai dirig\u00e9 pendant 20 ans les services Informatiques puis Techniques et Informatiques, g\u00e9rant des projets technologiques et humains complexes.<\/p>\n<p>Aujourd&rsquo;hui retrait\u00e9, je poursuis mon engagement professionnel en tant qu&rsquo;auto-entrepreneur. J&rsquo;exerce une activit\u00e9 de conseil en informatique et en management aupr\u00e8s des grands centres de recherche europ\u00e9ens. Cette activit\u00e9 me permet de rester au plus pr\u00e8s de l&rsquo;innovation et au service des d\u00e9fis de demain.<\/p>\n<p><strong>Ma vision pour Voreppe : Une ville r\u00e9siliente et solidaire<\/strong><\/p>\n<p>Mon engagement au sein de la liste Voreppe Avenir repose sur des convictions fortes pour l&rsquo;avenir de notre commune :<\/p>\n<ul>\n<li><strong>Pr\u00e9server notre cadre de vie<\/strong> : Prot\u00e9ger l&rsquo;\u00e9quilibre et l&rsquo;attractivit\u00e9 de Voreppe face aux d\u00e9fis de l&rsquo;urbanisation.<\/li>\n<li><strong>R\u00e9ussir la transition \u00e9cologique<\/strong> : Engager la commune dans une r\u00e9silience climatique concr\u00e8te, avec des solutions adapt\u00e9es \u00e0 notre territoire.<\/li>\n<li><strong>Une mairie au service de tous<\/strong> : Mettre le savoir-faire municipal et l&rsquo;innovation au service direct de la population, avec de la rigueur et transparence.<\/li>\n<\/ul>\n<p><strong>Je souhaite mettre mon exp\u00e9rience et \u00e9nergie au service d&rsquo;une ville qui anticipe l&rsquo;avenir tout en prot\u00e9geant ses habitants.<\/strong><\/p>\n","protected":false},"excerpt":{"rendered":"<p>L&rsquo;esprit d&rsquo;initiative pour Voreppe 67 ans \u2013 Ing\u00e9nieur \u2013 Consultant en informatique \u2013 Voreppin depuis 36 ans D\u2019origine allemande et profond\u00e9ment europ\u00e9en, je suis install\u00e9 &hellip; <\/p>\n","protected":false},"author":7,"featured_media":0,"comment_status":"closed","ping_status":"closed","sticky":false,"template":"","format":"standard","meta":{"footnotes":""},"categories":[18],"tags":[],"class_list":["post-737","post","type-post","status-publish","format-standard","hentry","category-candidats"],"_links":{"self":[{"href":"http:\/\/www.voreppeavenir.fr\/changeons\/wp-json\/wp\/v2\/posts\/737","targetHints":{"allow":["GET"]}}],"collection":[{"href":"http:\/\/www.voreppeavenir.fr\/changeons\/wp-json\/wp\/v2\/posts"}],"about":[{"href":"http:\/\/www.voreppeavenir.fr\/changeons\/wp-json\/wp\/v2\/types\/post"}],"author":[{"embeddable":true,"href":"http:\/\/www.voreppeavenir.fr\/changeons\/wp-json\/wp\/v2\/users\/7"}],"replies":[{"embeddable":true,"href":"http:\/\/www.voreppeavenir.fr\/changeons\/wp-json\/wp\/v2\/comments?post=737"}],"version-history":[{"count":7,"href":"http:\/\/www.voreppeavenir.fr\/changeons\/wp-json\/wp\/v2\/posts\/737\/revisions"}],"predecessor-version":[{"id":745,"href":"http:\/\/www.voreppeavenir.fr\/changeons\/wp-json\/wp\/v2\/posts\/737\/revisions\/745"}],"wp:attachment":[{"href":"http:\/\/www.voreppeavenir.fr\/changeons\/wp-json\/wp\/v2\/media?parent=737"}],"wp:term":[{"taxonomy":"category","embeddable":true,"href":"http:\/\/www.voreppeavenir.fr\/changeons\/wp-json\/wp\/v2\/categories?post=737"},{"taxonomy":"post_tag","embeddable":true,"href":"http:\/\/www.voreppeavenir.fr\/changeons\/wp-json\/wp\/v2\/tags?post=737"}],"curies":[{"name":"wp","href":"https:\/\/api.w.org\/{rel}","templated":true}]}}