{"id":722,"date":"2026-02-20T08:07:15","date_gmt":"2026-02-20T07:07:15","guid":{"rendered":"http:\/\/www.voreppeavenir.fr\/changeons\/?p=722"},"modified":"2026-02-24T06:32:18","modified_gmt":"2026-02-24T05:32:18","slug":"julie-fontanay","status":"publish","type":"post","link":"http:\/\/www.voreppeavenir.fr\/changeons\/julie-fontanay\/","title":{"rendered":"Julie FONTANAY"},"content":{"rendered":"<p><img decoding=\"async\" class=\"alignright size-full wp-image-724\" src=\"http:\/\/www.voreppeavenir.fr\/changeons\/wp-content\/uploads\/2026\/02\/julie_fontanay_reduit.jpg\" alt=\"\" width=\"20%\" srcset=\"http:\/\/www.voreppeavenir.fr\/changeons\/wp-content\/uploads\/2026\/02\/julie_fontanay_reduit.jpg 400w, http:\/\/www.voreppeavenir.fr\/changeons\/wp-content\/uploads\/2026\/02\/julie_fontanay_reduit-245x300.jpg 245w\" sizes=\"(max-width: 400px) 100vw, 400px\" \/>\u00c2g\u00e9e de 38 ans, j&rsquo;exerce avec engagement le m\u00e9tier d&rsquo;\u00e9ducatrice sp\u00e9cialis\u00e9e aupr\u00e8s des jeunes en difficult\u00e9 depuis 13 ans.<\/p>\n<p>Habitante et locataire avec mon compagnon \u00e0 Voreppe depuis 3 ans, j&rsquo;appr\u00e9cie le cadre de vie de notre ville \u00e0 taille humaine \u00e0 l&rsquo;entr\u00e9e de la Chartreuse et proche du Vercors.<\/p>\n<p>Je suis contemplative des tr\u00e9sors de la nature et je souhaite pouvoir les pr\u00e9server au maximum. Je me d\u00e9place principalement en train et en v\u00e9lo, m\u00eame pendant des vacances.<\/p>\n<p>De par mes valeurs et mon m\u00e9tier :<\/p>\n<ul>\n<li>Je souhaite d\u00e9fendre la place de chacun dans notre soci\u00e9t\u00e9.<\/li>\n<li>Je crois en l&rsquo;action collective, qu&rsquo;il faut nourrir les liens humains pour lutter contre toute forme d&rsquo;isolement (pr\u00e9carit\u00e9, solitude).<\/li>\n<li>Je suis sensible \u00e0 consid\u00e9rer les besoins des jeunes et \u00e0 pouvoir valoriser tous leurs potentiels.<\/li>\n<\/ul>\n<p>Je suis anim\u00e9e quotidiennement par la volont\u00e9 de plus de justice, par une r\u00e9flexion humaniste et par les actions de pr\u00e9servation de la nature.<\/p>\n","protected":false},"excerpt":{"rendered":"<p>\u00c2g\u00e9e de 38 ans, j&rsquo;exerce avec engagement le m\u00e9tier d&rsquo;\u00e9ducatrice sp\u00e9cialis\u00e9e aupr\u00e8s des jeunes en difficult\u00e9 depuis 13 ans. Habitante et locataire avec mon compagnon &hellip; <\/p>\n","protected":false},"author":7,"featured_media":0,"comment_status":"closed","ping_status":"closed","sticky":false,"template":"","format":"standard","meta":{"footnotes":""},"categories":[18],"tags":[],"class_list":["post-722","post","type-post","status-publish","format-standard","hentry","category-candidats"],"_links":{"self":[{"href":"http:\/\/www.voreppeavenir.fr\/changeons\/wp-json\/wp\/v2\/posts\/722","targetHints":{"allow":["GET"]}}],"collection":[{"href":"http:\/\/www.voreppeavenir.fr\/changeons\/wp-json\/wp\/v2\/posts"}],"about":[{"href":"http:\/\/www.voreppeavenir.fr\/changeons\/wp-json\/wp\/v2\/types\/post"}],"author":[{"embeddable":true,"href":"http:\/\/www.voreppeavenir.fr\/changeons\/wp-json\/wp\/v2\/users\/7"}],"replies":[{"embeddable":true,"href":"http:\/\/www.voreppeavenir.fr\/changeons\/wp-json\/wp\/v2\/comments?post=722"}],"version-history":[{"count":2,"href":"http:\/\/www.voreppeavenir.fr\/changeons\/wp-json\/wp\/v2\/posts\/722\/revisions"}],"predecessor-version":[{"id":725,"href":"http:\/\/www.voreppeavenir.fr\/changeons\/wp-json\/wp\/v2\/posts\/722\/revisions\/725"}],"wp:attachment":[{"href":"http:\/\/www.voreppeavenir.fr\/changeons\/wp-json\/wp\/v2\/media?parent=722"}],"wp:term":[{"taxonomy":"category","embeddable":true,"href":"http:\/\/www.voreppeavenir.fr\/changeons\/wp-json\/wp\/v2\/categories?post=722"},{"taxonomy":"post_tag","embeddable":true,"href":"http:\/\/www.voreppeavenir.fr\/changeons\/wp-json\/wp\/v2\/tags?post=722"}],"curies":[{"name":"wp","href":"https:\/\/api.w.org\/{rel}","templated":true}]}}