{"id":684,"date":"2026-02-20T08:30:37","date_gmt":"2026-02-20T07:30:37","guid":{"rendered":"http:\/\/www.voreppeavenir.fr\/changeons\/?p=684"},"modified":"2026-02-24T06:41:37","modified_gmt":"2026-02-24T05:41:37","slug":"laurent-godard","status":"publish","type":"post","link":"http:\/\/www.voreppeavenir.fr\/changeons\/laurent-godard\/","title":{"rendered":"Laurent GODARD"},"content":{"rendered":"<p><img decoding=\"async\" class=\"alignright size-full wp-image-750\" src=\"http:\/\/www.voreppeavenir.fr\/changeons\/wp-content\/uploads\/2026\/02\/laurent_godard_vignette.jpg\" alt=\"\" width=\"20%\" srcset=\"http:\/\/www.voreppeavenir.fr\/changeons\/wp-content\/uploads\/2026\/02\/laurent_godard_vignette.jpg 400w, http:\/\/www.voreppeavenir.fr\/changeons\/wp-content\/uploads\/2026\/02\/laurent_godard_vignette-246x300.jpg 246w\" sizes=\"(max-width: 400px) 100vw, 400px\" \/>Mari\u00e9, 55 ans, 4 enfants d\u00e9sormais adultes, ing\u00e9nieur en informatique.<\/p>\n<p>Pr\u00e9sent \u00e0 Voreppe depuis mon adolescence, je suis \u00e9lu au service des Voreppins depuis 3&nbsp;mandats, pr\u00e8s de 20 ans.<\/p>\n<p>Fier des r\u00e9alisations que nous avons men\u00e9es dans la majorit\u00e9 lors de notre premier mandat (l&rsquo;Arrosoir, le centre social Rosa Parks, le r\u00e9seau de chaleur &#8230;), je m\u2019int\u00e9resse \u00e0 tous les aspects de la vie municipale \u2014 richesse associative, urbanisme, finances\u2026 \u2014 et suis impliqu\u00e9 depuis le d\u00e9but de mon engagement dans la commission D\u00e9veloppement \u00e9conomique du Pays Voironnais.<\/p>\n<p>J\u2019accorde une attention particuli\u00e8re \u00e0 ce que l\u2019argent public soit utilis\u00e9 au service de l\u2019int\u00e9r\u00eat g\u00e9n\u00e9ral.<\/p>\n<p>Dans l&rsquo;opposition depuis 12 ans, je constate avec regret le lent d\u00e9clin de ma ville que ce soit dans son cadre de vie comme dans son rayonnement ext\u00e9rieur. Les actions men\u00e9es au coup par coup, sans vision \u00e0 moyen ou long terme et trop souvent survaloris\u00e9es par la communication, me laissent toujours un go\u00fbt amer.<\/p>\n<p>Je mets un point d\u2019honneur \u00e0 adopter une attitude constructive et ouverte au dialogue avec tous, y compris avec ceux dont je ne partage pas les positions, dans tous les dossiers sur lesquels j\u2019interviens.<\/p>\n<p>Cette volont\u00e9 d\u2019\u00e9coute et de recherche de compromis s\u2019appuie sur des convictions fortes\u202f: respect, sinc\u00e9rit\u00e9, travail et honn\u00eatet\u00e9 (financi\u00e8re, l\u00e9gale comme intellectuelle).<\/p>\n<p>Je sais reconna\u00eetre et soutenir les propositions de mes opposants quand je les partage, mais aussi les combattre avec franchise et t\u00e9nacit\u00e9 lorsqu\u2019elles vont \u00e0 l\u2019encontre de mes convictions et de l\u2019int\u00e9r\u00eat g\u00e9n\u00e9ral.<\/p>\n<p>Tr\u00e8s attach\u00e9 \u00e0 l\u2019id\u00e9al d\u00e9mocratique, je suis persuad\u00e9 que chaque habitant doit pouvoir s\u2019impliquer dans notre avenir commun. Aux \u00e9lus de faire vivre et prot\u00e9ger cette d\u00e9mocratie au quotidien.<\/p>\n<p>Je reste convaincu que notre soci\u00e9t\u00e9 ne pourra progresser sans un engagement fort de solidarit\u00e9 collective et de respect de notre environnement et qu&rsquo;il faut pour cela s&rsquo;en donner les moyens.<\/p>\n<p>Profond\u00e9ment humaniste, je reconnais mon ancrage dans les valeurs \u00e9tiquet\u00e9es \u00e0 gauche, sans appartenance partisane, pr\u00e9f\u00e9rant personnellement l&rsquo;ind\u00e9pendance d&rsquo;esprit au militantisme.<\/p>\n<p>Je me r\u00e9engage aupr\u00e8s de <em>\u00ab\u00a0Voreppe Avenir : Changeons !\u00a0\u00bb<\/em> pour que Voreppe redevienne une ville dynamique, tourn\u00e9e vers l&rsquo;avenir et l&rsquo;anticipant, o\u00f9 chaque habitant puisse \u00e0 nouveau se sentir pleinement acteur de la vie municipale.<\/p>\n","protected":false},"excerpt":{"rendered":"<p>Mari\u00e9, 55 ans, 4 enfants d\u00e9sormais adultes, ing\u00e9nieur en informatique. Pr\u00e9sent \u00e0 Voreppe depuis mon adolescence, je suis \u00e9lu au service des Voreppins depuis 3&nbsp;mandats, &hellip; <\/p>\n","protected":false},"author":7,"featured_media":0,"comment_status":"closed","ping_status":"closed","sticky":false,"template":"","format":"standard","meta":{"footnotes":""},"categories":[18,22],"tags":[],"class_list":["post-684","post","type-post","status-publish","format-standard","hentry","category-candidats","category-pays-voironnais"],"_links":{"self":[{"href":"http:\/\/www.voreppeavenir.fr\/changeons\/wp-json\/wp\/v2\/posts\/684","targetHints":{"allow":["GET"]}}],"collection":[{"href":"http:\/\/www.voreppeavenir.fr\/changeons\/wp-json\/wp\/v2\/posts"}],"about":[{"href":"http:\/\/www.voreppeavenir.fr\/changeons\/wp-json\/wp\/v2\/types\/post"}],"author":[{"embeddable":true,"href":"http:\/\/www.voreppeavenir.fr\/changeons\/wp-json\/wp\/v2\/users\/7"}],"replies":[{"embeddable":true,"href":"http:\/\/www.voreppeavenir.fr\/changeons\/wp-json\/wp\/v2\/comments?post=684"}],"version-history":[{"count":13,"href":"http:\/\/www.voreppeavenir.fr\/changeons\/wp-json\/wp\/v2\/posts\/684\/revisions"}],"predecessor-version":[{"id":998,"href":"http:\/\/www.voreppeavenir.fr\/changeons\/wp-json\/wp\/v2\/posts\/684\/revisions\/998"}],"wp:attachment":[{"href":"http:\/\/www.voreppeavenir.fr\/changeons\/wp-json\/wp\/v2\/media?parent=684"}],"wp:term":[{"taxonomy":"category","embeddable":true,"href":"http:\/\/www.voreppeavenir.fr\/changeons\/wp-json\/wp\/v2\/categories?post=684"},{"taxonomy":"post_tag","embeddable":true,"href":"http:\/\/www.voreppeavenir.fr\/changeons\/wp-json\/wp\/v2\/tags?post=684"}],"curies":[{"name":"wp","href":"https:\/\/api.w.org\/{rel}","templated":true}]}}