{"id":682,"date":"2026-02-20T08:15:16","date_gmt":"2026-02-20T07:15:16","guid":{"rendered":"http:\/\/www.voreppeavenir.fr\/changeons\/?p=682"},"modified":"2026-02-24T06:36:11","modified_gmt":"2026-02-24T05:36:11","slug":"georges-gaudart","status":"publish","type":"post","link":"http:\/\/www.voreppeavenir.fr\/changeons\/georges-gaudart\/","title":{"rendered":"Georges GAUDART"},"content":{"rendered":"<p><img decoding=\"async\" class=\"alignright size-full wp-image-746\" src=\"http:\/\/www.voreppeavenir.fr\/changeons\/wp-content\/uploads\/2026\/02\/georges_gaudart_vignette.jpg\" alt=\"\" width=\"20%\" srcset=\"http:\/\/www.voreppeavenir.fr\/changeons\/wp-content\/uploads\/2026\/02\/georges_gaudart_vignette.jpg 400w, http:\/\/www.voreppeavenir.fr\/changeons\/wp-content\/uploads\/2026\/02\/georges_gaudart_vignette-251x300.jpg 251w\" sizes=\"(max-width: 400px) 100vw, 400px\" \/>Ing\u00e9nieur et entrepreneur de formation, toute ma carri\u00e8re, j\u2019ai eu \u00e0 c\u0153ur de porter des projets concrets, utiles et tourn\u00e9s vers l\u2019avenir.<\/p>\n<p>Pendant plus de trente ans dans l\u2019industrie de l\u2019\u00e9nergie, j\u2019ai dirig\u00e9 des \u00e9quipes, innov\u00e9 et accompagn\u00e9 la transition \u00e9cologique.<\/p>\n<p>Je suis aussi engag\u00e9 dans le domaine associatif avec plusieurs associations sportives sur voreppe et d&rsquo;autres associations au-del\u00e0 du cadre Voreppin.<\/p>\n<p>Aujourd\u2019hui, je souhaite mettre cette exp\u00e9rience au service de notre commune, avec \u00e9coute, pragmatisme et un vrai sens du collectif.<\/p>\n<p>Mari\u00e9 et p\u00e8re de trois enfants, je suis profond\u00e9ment attach\u00e9 \u00e0 des valeurs comme la responsabilit\u00e9, la transmission et le dialogue.<\/p>\n<p>C\u2019est pourquoi je me suis engag\u00e9 sur la liste <em>\u00ab\u00a0Voreppe Avenir : Changeons !\u00a0\u00bb<\/em>. Je veux apporter une vision constructive, du bon sens et une \u00e9nergie positive pour faire avancer Voreppe, ensemble.<\/p>\n","protected":false},"excerpt":{"rendered":"<p>Ing\u00e9nieur et entrepreneur de formation, toute ma carri\u00e8re, j\u2019ai eu \u00e0 c\u0153ur de porter des projets concrets, utiles et tourn\u00e9s vers l\u2019avenir. Pendant plus de &hellip; <\/p>\n","protected":false},"author":7,"featured_media":0,"comment_status":"closed","ping_status":"closed","sticky":false,"template":"","format":"standard","meta":{"footnotes":""},"categories":[18],"tags":[],"class_list":["post-682","post","type-post","status-publish","format-standard","hentry","category-candidats"],"_links":{"self":[{"href":"http:\/\/www.voreppeavenir.fr\/changeons\/wp-json\/wp\/v2\/posts\/682","targetHints":{"allow":["GET"]}}],"collection":[{"href":"http:\/\/www.voreppeavenir.fr\/changeons\/wp-json\/wp\/v2\/posts"}],"about":[{"href":"http:\/\/www.voreppeavenir.fr\/changeons\/wp-json\/wp\/v2\/types\/post"}],"author":[{"embeddable":true,"href":"http:\/\/www.voreppeavenir.fr\/changeons\/wp-json\/wp\/v2\/users\/7"}],"replies":[{"embeddable":true,"href":"http:\/\/www.voreppeavenir.fr\/changeons\/wp-json\/wp\/v2\/comments?post=682"}],"version-history":[{"count":6,"href":"http:\/\/www.voreppeavenir.fr\/changeons\/wp-json\/wp\/v2\/posts\/682\/revisions"}],"predecessor-version":[{"id":753,"href":"http:\/\/www.voreppeavenir.fr\/changeons\/wp-json\/wp\/v2\/posts\/682\/revisions\/753"}],"wp:attachment":[{"href":"http:\/\/www.voreppeavenir.fr\/changeons\/wp-json\/wp\/v2\/media?parent=682"}],"wp:term":[{"taxonomy":"category","embeddable":true,"href":"http:\/\/www.voreppeavenir.fr\/changeons\/wp-json\/wp\/v2\/categories?post=682"},{"taxonomy":"post_tag","embeddable":true,"href":"http:\/\/www.voreppeavenir.fr\/changeons\/wp-json\/wp\/v2\/tags?post=682"}],"curies":[{"name":"wp","href":"https:\/\/api.w.org\/{rel}","templated":true}]}}