{"id":639,"date":"2026-02-20T08:31:42","date_gmt":"2026-02-20T07:31:42","guid":{"rendered":"http:\/\/www.voreppeavenir.fr\/changeons\/?p=639"},"modified":"2026-02-24T06:58:33","modified_gmt":"2026-02-24T05:58:33","slug":"fabienne-sentis","status":"publish","type":"post","link":"http:\/\/www.voreppeavenir.fr\/changeons\/fabienne-sentis\/","title":{"rendered":"Fabienne SENTIS"},"content":{"rendered":"<p><img decoding=\"async\" class=\"alignright size-medium wp-image-606\" src=\"http:\/\/www.voreppeavenir.fr\/changeons\/wp-content\/uploads\/2026\/02\/SENTIS_FABIENNE_reduit.jpg\" alt=\"\" width=\"30%\" \/><strong>T\u00eate de liste<\/strong><\/p>\n<p>Habitante de Voreppe depuis pr\u00e8s de 25 ans, m\u00e8re de trois gar\u00e7ons et engag\u00e9e de longue date dans le b\u00e9n\u00e9volat, j&rsquo;ai toujours eu \u00e0 coeur de participer \u00e0 la vie de notre commune. Apr\u00e8s avoir suivi les conseils municipaux, j&rsquo;ai rejoint Voreppe Avenir en 2007, puis je suis devenue adjointe \u00e0 la solidarit\u00e9 en 2008.<\/p>\n<p>C\u2019est avec enthousiasme et volontarisme qu\u2019avec mes coll\u00e8gues de la majorit\u00e9 d\u2019alors nous avons port\u00e9 un programme ambitieux.<\/p>\n<p>Cet enthousiasme de l\u2019engagement au service de ma commune et de ses habitants est rest\u00e9 intact. Cette responsabilit\u00e9 m&rsquo;a confort\u00e9 dans une conviction forte : l&rsquo;action municipale a un impact direct et concret sur le quotidien des habitants ; le travail collectif, l\u2019implication des habitants permettent de mettre en place des actions innovantes, pertinentes et valorisantes pour tous, qui f\u00e9d\u00e8rent et lib\u00e8rent les \u00e9nergies positives.<\/p>\n<p>Ces ann\u00e9es d&rsquo;\u00e9lue d&rsquo;opposition m\u2019ont confirm\u00e9 que la gestion sans vision d\u2019ensemble, sans coh\u00e9rence, qui ne s\u2019appuie pas sur le potentiel humain des habitants, \u00e9tait totalement d\u00e9pass\u00e9e et ne pouvait s&rsquo;inscrire dans des r\u00e9ponses durables face aux enjeux auxquels doit faire face notre commune.<\/p>\n<p><img decoding=\"async\" class=\"alignleft size-full wp-image-622\" src=\"http:\/\/www.voreppeavenir.fr\/changeons\/wp-content\/uploads\/2026\/02\/VoreppeAvenir_horizontal_reduit.jpg\" alt=\"\" width=\"45%\" \/>Je me pr\u00e9sente aujourd\u2019hui pour conduire le collectif <strong>Voreppe\u00a0Avenir\u00a0:\u00a0Changeons\u00a0<\/strong> pour concr\u00e9tiser <strong>avec vous<\/strong>, la vision d\u2019<strong>une commune vivante, juste, \u00e9cologique et solidaire<\/strong>.<\/p>\n<p>Je crois profond\u00e9ment au travail collectif et \u00e0 l\u2019importance de l\u2019implication des habitants.<\/p>\n<p>Si le syst\u00e8me actuel veut que l\u2019on mette en avant une personne, une t\u00eate de liste, c\u2019est bien ensemble, \u00e9lus et habitants, par notre travail et engagement que nous pourrons construire des projets b\u00e9n\u00e9fiques \u00e0 tous les Voreppins et porteurs d\u2019avenir.<\/p>\n","protected":false},"excerpt":{"rendered":"<p>T\u00eate de liste Habitante de Voreppe depuis pr\u00e8s de 25 ans, m\u00e8re de trois gar\u00e7ons et engag\u00e9e de longue date dans le b\u00e9n\u00e9volat, j&rsquo;ai toujours &hellip; <\/p>\n","protected":false},"author":7,"featured_media":0,"comment_status":"closed","ping_status":"closed","sticky":false,"template":"","format":"standard","meta":{"footnotes":""},"categories":[18,22],"tags":[],"class_list":["post-639","post","type-post","status-publish","format-standard","hentry","category-candidats","category-pays-voironnais"],"_links":{"self":[{"href":"http:\/\/www.voreppeavenir.fr\/changeons\/wp-json\/wp\/v2\/posts\/639","targetHints":{"allow":["GET"]}}],"collection":[{"href":"http:\/\/www.voreppeavenir.fr\/changeons\/wp-json\/wp\/v2\/posts"}],"about":[{"href":"http:\/\/www.voreppeavenir.fr\/changeons\/wp-json\/wp\/v2\/types\/post"}],"author":[{"embeddable":true,"href":"http:\/\/www.voreppeavenir.fr\/changeons\/wp-json\/wp\/v2\/users\/7"}],"replies":[{"embeddable":true,"href":"http:\/\/www.voreppeavenir.fr\/changeons\/wp-json\/wp\/v2\/comments?post=639"}],"version-history":[{"count":6,"href":"http:\/\/www.voreppeavenir.fr\/changeons\/wp-json\/wp\/v2\/posts\/639\/revisions"}],"predecessor-version":[{"id":1115,"href":"http:\/\/www.voreppeavenir.fr\/changeons\/wp-json\/wp\/v2\/posts\/639\/revisions\/1115"}],"wp:attachment":[{"href":"http:\/\/www.voreppeavenir.fr\/changeons\/wp-json\/wp\/v2\/media?parent=639"}],"wp:term":[{"taxonomy":"category","embeddable":true,"href":"http:\/\/www.voreppeavenir.fr\/changeons\/wp-json\/wp\/v2\/categories?post=639"},{"taxonomy":"post_tag","embeddable":true,"href":"http:\/\/www.voreppeavenir.fr\/changeons\/wp-json\/wp\/v2\/tags?post=639"}],"curies":[{"name":"wp","href":"https:\/\/api.w.org\/{rel}","templated":true}]}}