{"id":630,"date":"2026-02-20T08:28:15","date_gmt":"2026-02-20T07:28:15","guid":{"rendered":"http:\/\/www.voreppeavenir.fr\/changeons\/?p=630"},"modified":"2026-02-24T06:40:50","modified_gmt":"2026-02-24T05:40:50","slug":"nicolas-varney","status":"publish","type":"post","link":"http:\/\/www.voreppeavenir.fr\/changeons\/nicolas-varney\/","title":{"rendered":"Nicolas VARNEY"},"content":{"rendered":"<p><img decoding=\"async\" class=\"alignright size-full wp-image-636\" src=\"http:\/\/www.voreppeavenir.fr\/changeons\/wp-content\/uploads\/2026\/01\/Nicolas_Varney.jpg\" alt=\"\" width=\"20%\" srcset=\"http:\/\/www.voreppeavenir.fr\/changeons\/wp-content\/uploads\/2026\/01\/Nicolas_Varney.jpg 400w, http:\/\/www.voreppeavenir.fr\/changeons\/wp-content\/uploads\/2026\/01\/Nicolas_Varney-200x300.jpg 200w\" sizes=\"(max-width: 400px) 100vw, 400px\" \/>52 ans, mari\u00e9, 2 enfants (22 et 14 ans), informaticien, je suis voreppin de souche depuis 2005. D\u00e9j\u00e0 engag\u00e9 sur la liste Voreppe Avenir en 2020, je renouvelle cet engagement.<\/p>\n<p>J&rsquo;aime faire les choses avec rigueur et s\u00e9rieux sans toutefois me prendre au s\u00e9rieux, je suis adepte de l&rsquo;auto-d\u00e9rision.<\/p>\n<p>Un peu (trop) \u00e0 gauche, mais pas sectaire (j&rsquo;ai un bon ami de droite, et j&rsquo;ai vot\u00e9 Chirac en 2002), j&rsquo;ai r\u00e9ellement commenc\u00e9 des engagements citoyen depuis 2015 dans diverses structures (associatives, politiques et syndicales). Id\u00e9aliste, mais lucide dans la confrontation au r\u00e9el.<br \/>\n<!--more--><br \/>\nLes valeurs qui me portent :<\/p>\n<ul>\n<li>La justice sociale<\/li>\n<li>La libert\u00e9 absolue de conscience.<\/li>\n<\/ul>\n<p>Ce qui me pr\u00e9occupe :<\/p>\n<ul>\n<li>Le grand remplacement des id\u00e9es humanistes et \u00e9mancipatrices par des id\u00e9es supr\u00e9matistes et x\u00e9nophobes.<\/li>\n<li>L&rsquo;impact de l&rsquo;activit\u00e9 humaine sur les \u00e9cosyst\u00e8mes de la plan\u00e8te.<\/li>\n<\/ul>\n<p>Pourquoi m&rsquo;engager aux municipales \u00e0 Voreppe ?<\/p>\n<ul>\n<li>Le d\u00e9litement actuel de la soci\u00e9t\u00e9 me pousse \u00e0 m&rsquo;engager et ne plus \u00eatre passif.<\/li>\n<li>La commune est le premier \u00e9chelon de l&rsquo;action publique et reste proche des citoyens.<\/li>\n<li>Je veux contribuer \u00e0 un projet qui participe \u00e0 refonder notre soci\u00e9t\u00e9 plus compatible avec les id\u00e9aux et les principes de la R\u00e9publique.<\/li>\n<\/ul>\n","protected":false},"excerpt":{"rendered":"<p>52 ans, mari\u00e9, 2 enfants (22 et 14 ans), informaticien, je suis voreppin de souche depuis 2005. D\u00e9j\u00e0 engag\u00e9 sur la liste Voreppe Avenir en &hellip; <\/p>\n","protected":false},"author":7,"featured_media":0,"comment_status":"closed","ping_status":"closed","sticky":false,"template":"","format":"standard","meta":{"footnotes":""},"categories":[18,22],"tags":[],"class_list":["post-630","post","type-post","status-publish","format-standard","hentry","category-candidats","category-pays-voironnais"],"_links":{"self":[{"href":"http:\/\/www.voreppeavenir.fr\/changeons\/wp-json\/wp\/v2\/posts\/630","targetHints":{"allow":["GET"]}}],"collection":[{"href":"http:\/\/www.voreppeavenir.fr\/changeons\/wp-json\/wp\/v2\/posts"}],"about":[{"href":"http:\/\/www.voreppeavenir.fr\/changeons\/wp-json\/wp\/v2\/types\/post"}],"author":[{"embeddable":true,"href":"http:\/\/www.voreppeavenir.fr\/changeons\/wp-json\/wp\/v2\/users\/7"}],"replies":[{"embeddable":true,"href":"http:\/\/www.voreppeavenir.fr\/changeons\/wp-json\/wp\/v2\/comments?post=630"}],"version-history":[{"count":7,"href":"http:\/\/www.voreppeavenir.fr\/changeons\/wp-json\/wp\/v2\/posts\/630\/revisions"}],"predecessor-version":[{"id":648,"href":"http:\/\/www.voreppeavenir.fr\/changeons\/wp-json\/wp\/v2\/posts\/630\/revisions\/648"}],"wp:attachment":[{"href":"http:\/\/www.voreppeavenir.fr\/changeons\/wp-json\/wp\/v2\/media?parent=630"}],"wp:term":[{"taxonomy":"category","embeddable":true,"href":"http:\/\/www.voreppeavenir.fr\/changeons\/wp-json\/wp\/v2\/categories?post=630"},{"taxonomy":"post_tag","embeddable":true,"href":"http:\/\/www.voreppeavenir.fr\/changeons\/wp-json\/wp\/v2\/tags?post=630"}],"curies":[{"name":"wp","href":"https:\/\/api.w.org\/{rel}","templated":true}]}}