{"id":1555,"date":"2026-03-20T17:40:30","date_gmt":"2026-03-20T16:40:30","guid":{"rendered":"http:\/\/www.voreppeavenir.fr\/changeons\/?p=1555"},"modified":"2026-03-20T17:45:49","modified_gmt":"2026-03-20T16:45:49","slug":"communique-de-fabienne-sentis","status":"publish","type":"post","link":"http:\/\/www.voreppeavenir.fr\/changeons\/communique-de-fabienne-sentis\/","title":{"rendered":"Communiqu\u00e9 de Fabienne SENTIS"},"content":{"rendered":"<p><img decoding=\"async\" class=\"alignright size-full wp-image-1101\" src=\"http:\/\/www.voreppeavenir.fr\/changeons\/wp-content\/uploads\/2026\/02\/SENTIS_FABIENNE_reduit.jpg\" alt=\"\" width=\"35%\" srcset=\"http:\/\/www.voreppeavenir.fr\/changeons\/wp-content\/uploads\/2026\/02\/SENTIS_FABIENNE_reduit.jpg 400w, http:\/\/www.voreppeavenir.fr\/changeons\/wp-content\/uploads\/2026\/02\/SENTIS_FABIENNE_reduit-300x217.jpg 300w\" sizes=\"(max-width: 400px) 100vw, 400px\" \/>Ch\u00e8re Voreppines, chers Voreppins,<\/p>\n<p>En cette fin de campagne, je me permets d\u2019\u00e9crire ces quelques lignes plus personnelles.<\/p>\n<p>Je ne suis pas adepte des r\u00e9seaux sociaux, car ils mettent en valeur les phrases chocs, les formules simplistes, voire les fausses informations. C\u2019est pourtant aussi un grand vecteur de communication par lequel beaucoup s&rsquo;informent et d\u00e9battent.<\/p>\n<p>Mais je suis \u00e9nerv\u00e9e d\u2019entendre \u00e0 travers eux, cette musique incessante, martel\u00e9e en permanence que seule la liste <em>\u00ab\u00a0Voreppe au C\u0153ur\u00a0\u00bb<\/em> aimerait Voreppe et se soucierait de son avenir. La preuve en serait le classement de cette liste en \u00ab\u00a0Divers\u00a0\u00bb par la Pr\u00e9fecture et qui rassemblerait des personnes de toutes les sensibilit\u00e9s politiques dont la seule \u00e9tiquette serait \u00ab\u00a0Voreppe\u00a0\u00bb\u00a0!<\/p>\n<p>C\u2019est du bon marketing, mais je trouve dans cette posture un certain m\u00e9pris pour toutes les autres personnes qui s\u2019engagent, elles aussi, pour Voreppe. Car croyez-moi, c\u2019est un r\u00e9el engagement pour que de se pr\u00e9senter devant les urnes et de se mettre au service de ses concitoyens et de sa commune.<\/p>\n<p>La r\u00e9alit\u00e9 c\u2019est que ce \u00ab\u00a0Divers\u00a0\u00bb, ce \u00ab\u00a0Ni-Ni\u00a0\u00bb, cache de grandes diff\u00e9rences de visions de notre soci\u00e9t\u00e9.<\/p>\n<p>Pour moi, il est irr\u00e9aliste de croire que, sous pr\u00e9texte du \u00ab\u00a0local\u00a0\u00bb, la vision que chaque personne porte sur l\u2019\u00e9conomie, la soci\u00e9t\u00e9, l\u2019\u00e9cologie, n\u2019influe pas sur la teneur des d\u00e9cisions prises.<\/p>\n<p>Quand une \u00e9quipe fait le grand \u00e9cart entre des sensibilit\u00e9s politiques, parfois bien \u00e9loign\u00e9es, que se passe-t-il dans la construction d\u2019un projet vou\u00e9 \u00e0 l\u2019int\u00e9r\u00eat g\u00e9n\u00e9ral\u00a0? Quelles valeurs communes vont permettre qu\u2019au-del\u00e0 de leurs diff\u00e9rences, les personnes se rassemblent autour des m\u00e9thodes et des enjeux r\u00e9ellement importants\u00a0?<\/p>\n<p>Tout ne se r\u00e9sume pas \u00e0 un slogan\u00a0: <em>\u00ab\u00a0Notre \u00e9tiquette c\u2019est Voreppe\u00a0\u00bb<\/em>\u00a0!<br \/>\nPour moi cela ne suffit pas et je ne crois pas que cela soit le gage d\u2019une meilleure prise en compte de l\u2019int\u00e9r\u00eat de tous les Voreppins.<\/p>\n<p>Je suis inqui\u00e8te que la cons\u00e9quence pour Voreppe soit, \u00e0 nouveau, une gouvernance tr\u00e8s verticale, men\u00e9e par le sommet. Une gouvernance dans laquelle les habitants seront \u00e0 nouveau exclus, ou faussement inclus.<\/p>\n<p>Est-ce vraiment ce que l\u2019on souhaite \u00e0 nouveau pour notre commune\u00a0?<br \/>\nMoi pas\u00a0!<\/p>\n<p>C\u2019est pourquoi notre \u00e9quipe a construit un projet qui propose une autre mani\u00e8re de faire. Ce qui permettra de la mettre en place, c\u2019est qu\u2019au-del\u00e0 de notre diversit\u00e9, nous partageons des valeurs et une vision commune des enjeux que nous devons relever pour construire non seulement un Voreppe agr\u00e9able, vivant et apais\u00e9, mais une soci\u00e9t\u00e9 dans laquelle chacun aura sa place.<\/p>\n<p>Nous sommes persuad\u00e9s que face \u00e0 la complexit\u00e9 de notre monde, face aux \u00e9volutions soci\u00e9tales, face au changement climatique, il est n\u00e9cessaire que nous avancions tous ensemble. Que nous devons construire ensemble les projets majeurs pour notre commune. C\u2019est pour cela que nous avons centr\u00e9 notre programme sur l\u2019\u00e9coute des initiatives et la participation de tous les habitants qui souhaitent s\u2019engager pour mettre en place avec nous, des solutions durables.<\/p>\n<p>Parce que nous aimons notre ville nous voulons un changement, mais un changement sinc\u00e8re.<\/p>\n<p>Notre engagement est motiv\u00e9 par une volont\u00e9 r\u00e9elle de travailler pour un cadre de vie agr\u00e9able et apais\u00e9 pour tous les habitants, qu\u2019ils soient \u00e0 Voreppe depuis un mois ou depuis toujours, qu\u2019ils soient visibles ou plus discrets.<\/p>\n<p>C\u2019est cette diversit\u00e9 qui fait la richesse et le dynamisme de la ville. C\u2019est ce que nous aimons \u00e0 Voreppe.<\/p>\n<p>C\u2019est pour cela que je me suis engag\u00e9e, que certains d\u2019entre nous travaillent depuis des ann\u00e9es au service de notre commune, sans aucun calcul politique ni aucune ambition personnelle. Que toutes nos interventions, coh\u00e9rentes et argument\u00e9es, sont mises au service de notre commune.<\/p>\n<p>Voreppe n\u2019est pas un concept, Voreppe bouge et vit gr\u00e2ce \u00e0 la diversit\u00e9 de ses habitants. Il faut en tenir compte pour avancer sereinement ensemble, mais avec des objectifs, des valeurs et des m\u00e9thodes partag\u00e9s.<\/p>\n<p>Je souhaite sinc\u00e8rement que la prochaine majorit\u00e9 municipale rassemble les habitants plut\u00f4t qu\u2019elle ne les oppose.<\/p>\n<p>C\u2019est bien ce que je m\u2019engage \u00e0 faire.<\/p>\n<p>Tr\u00e8s sinc\u00e8rement<br \/>\nFabienne<\/p>\n","protected":false},"excerpt":{"rendered":"<p>Ch\u00e8re Voreppines, chers Voreppins, En cette fin de campagne, je me permets d\u2019\u00e9crire ces quelques lignes plus personnelles. Je ne suis pas adepte des r\u00e9seaux &hellip; <\/p>\n","protected":false},"author":7,"featured_media":0,"comment_status":"closed","ping_status":"closed","sticky":false,"template":"","format":"standard","meta":{"footnotes":""},"categories":[23,14],"tags":[],"class_list":["post-1555","post","type-post","status-publish","format-standard","hentry","category-actualite","category-avenir"],"_links":{"self":[{"href":"http:\/\/www.voreppeavenir.fr\/changeons\/wp-json\/wp\/v2\/posts\/1555","targetHints":{"allow":["GET"]}}],"collection":[{"href":"http:\/\/www.voreppeavenir.fr\/changeons\/wp-json\/wp\/v2\/posts"}],"about":[{"href":"http:\/\/www.voreppeavenir.fr\/changeons\/wp-json\/wp\/v2\/types\/post"}],"author":[{"embeddable":true,"href":"http:\/\/www.voreppeavenir.fr\/changeons\/wp-json\/wp\/v2\/users\/7"}],"replies":[{"embeddable":true,"href":"http:\/\/www.voreppeavenir.fr\/changeons\/wp-json\/wp\/v2\/comments?post=1555"}],"version-history":[{"count":3,"href":"http:\/\/www.voreppeavenir.fr\/changeons\/wp-json\/wp\/v2\/posts\/1555\/revisions"}],"predecessor-version":[{"id":1558,"href":"http:\/\/www.voreppeavenir.fr\/changeons\/wp-json\/wp\/v2\/posts\/1555\/revisions\/1558"}],"wp:attachment":[{"href":"http:\/\/www.voreppeavenir.fr\/changeons\/wp-json\/wp\/v2\/media?parent=1555"}],"wp:term":[{"taxonomy":"category","embeddable":true,"href":"http:\/\/www.voreppeavenir.fr\/changeons\/wp-json\/wp\/v2\/categories?post=1555"},{"taxonomy":"post_tag","embeddable":true,"href":"http:\/\/www.voreppeavenir.fr\/changeons\/wp-json\/wp\/v2\/tags?post=1555"}],"curies":[{"name":"wp","href":"https:\/\/api.w.org\/{rel}","templated":true}]}}