{"id":1452,"date":"2026-03-06T16:59:39","date_gmt":"2026-03-06T15:59:39","guid":{"rendered":"http:\/\/www.voreppeavenir.fr\/changeons\/?p=1452"},"modified":"2026-03-06T17:10:14","modified_gmt":"2026-03-06T16:10:14","slug":"affichage-electoral","status":"publish","type":"post","link":"http:\/\/www.voreppeavenir.fr\/changeons\/affichage-electoral\/","title":{"rendered":"Affichage \u00e9lectoral"},"content":{"rendered":"<p><img decoding=\"async\" class=\"alignright size-full wp-image-1450\" src=\"http:\/\/www.voreppeavenir.fr\/changeons\/wp-content\/uploads\/2026\/03\/panneaux_20260306_161307.jpeg\" alt=\"\" width=\"40%\" srcset=\"http:\/\/www.voreppeavenir.fr\/changeons\/wp-content\/uploads\/2026\/03\/panneaux_20260306_161307.jpeg 864w, http:\/\/www.voreppeavenir.fr\/changeons\/wp-content\/uploads\/2026\/03\/panneaux_20260306_161307-300x225.jpeg 300w, http:\/\/www.voreppeavenir.fr\/changeons\/wp-content\/uploads\/2026\/03\/panneaux_20260306_161307-768x576.jpeg 768w\" sizes=\"(max-width: 864px) 100vw, 864px\" \/>La campagne \u00e9lectorale s&rsquo;est ouverte officiellement le 2 mars 2026. Cette date marque, entre autres, l&rsquo;autorisation des affiches \u00e9lectorales permettant d&rsquo;informer les \u00e9lecteurs des candidats qui sollicitent leur vote.<\/p>\n<p>Cette information est majeure. On ne peut esp\u00e9rer de D\u00e9mocratie sans une information exhaustive pour des citoyens \u00e9clair\u00e9s.<\/p>\n<p>La loi est d&rsquo;ailleurs tr\u00e8s pr\u00e9cise sur ces moyens sp\u00e9cifiques mis \u00e0 disposition des candidats et cet encadrement a fait l&rsquo;objet d&rsquo;une <a href=\"https:\/\/www.legifrance.gouv.fr\/download\/file\/pdf\/cir_45639\/CIRC\" target=\"_blank\" rel=\"noopener\">circulaire minist\u00e9rielle<\/a> au mois de d\u00e9cembre.<\/p>\n<p>Concernant le nombre, pour Voreppe, c&rsquo;est un minimum de 1 lieu et un maximum de 12. Et, comme \u00e0 chaque fois, il y a la loi et l&rsquo;esprit de la loi. Cette circulaire indique, entre autres :<\/p>\n<p><em>\u00ab Il vous appartient de revoir, le cas \u00e9ch\u00e9ant, l\u2019implantation des emplacements d\u2019affichage \u00e9lectoral afin de l\u2019adapter \u00e0 la localisation des \u00e9lecteurs, notamment en cas de cr\u00e9ation de nouveaux centres d\u2019habitation \u00bb<\/em><\/p>\n<p>Le Maire, garant de l\u2019\u00e9quit\u00e9 dans l&rsquo;organisation des \u00e9lections, a d\u00e9cid\u00e9 de d\u00e9finir seulement 4 localisations. Nous avons \u00e9t\u00e9 fortement d\u00e9\u00e7us du peu de panneaux mis \u00e0 disposition des candidats. Nous consid\u00e9rons que ce faible nombre profite \u00e0 la majorit\u00e9 sortante qui b\u00e9n\u00e9ficie de plus de notori\u00e9t\u00e9 par sa pr\u00e9sence depuis 12 ans sur le devant de la sc\u00e8ne.<\/p>\n<p>De par son \u00e9tendue, il serait l\u00e9gitime que Voreppe dispose des 12 lieux d&rsquo;affichage officiels autoris\u00e9s. Au del\u00e0 du \u00ab\u00a0droit\u00a0\u00bb cela participe aussi \u00e0 motiver la population \u00e0 aller voter : l&rsquo;abstention est une vraie question et une participation importante est dans l\u2019int\u00e9r\u00eat de toutes les listes.<\/p>\n<p>Nous avons adress\u00e9 ce courrier \u00e0 Mr le Maire, le 28 f\u00e9vrier dernier. Rest\u00e9 sans r\u00e9ponse \u00e0 ce jour.<\/p>\n<p><strong>Nous le reproduisons ici<\/strong><\/p>\n<hr id=\"courrier\" \/>\n<p>Monsieur le Maire,<\/p>\n<p>Nous tenons par la pr\u00e9sente \u00e0 vous informer de notre profond d\u00e9sarroi concernant le nombre et l\u2019implantation des panneaux \u00e9lectoraux.<\/p>\n<p>L\u2019\u00e9lection municipale est LE moment fort de notre d\u00e9mocratie locale. Tous les 6\u00a0ans, nos concitoyens se retrouvent dans ce moment pour peser leur d\u00e9cision et faire un choix de leurs repr\u00e9sentants.<\/p>\n<p>Ce choix ne peut \u00eatre \u00e9clair\u00e9 pour tous que par une information \u00e9quitable et de qualit\u00e9. Vous en \u00eates le garant.<\/p>\n<p>Vous avez fait le choix de n\u2019installer que 4 panneaux destin\u00e9s \u00e0 l\u2019affichage des candidats alors que Voreppe en est autoris\u00e9 jusqu\u2019\u00e0 12.<\/p>\n<p>L\u2019affichage public fait partie du droit des \u00e9lecteurs \u00e0 \u00eatre inform\u00e9s ind\u00e9pendamment de tout autre moyen de communication d\u00e9ploy\u00e9 par les candidats.<\/p>\n<p>La circulaire minist\u00e9rielle, <a href=\"https:\/\/www.legifrance.gouv.fr\/download\/file\/pdf\/cir_45639\/CIRC\" target=\"_blank\" rel=\"noopener\">NOR: 1 NTP2536109C du 30 d\u00e9cembre 2025<\/a>, pr\u00e9cise bien, qu\u2019au-del\u00e0 du nombre de panneau, la localisation aupr\u00e8s des centres de vie n\u00e9cessite une attention particuli\u00e8re\u00a0:<\/p>\n<p><em>\u00ab\u00a0Il vous appartient de revoir, le cas \u00e9ch\u00e9ant, l\u2019implantation des emplacements d\u2019affichage \u00e9lectoral afin de l\u2019adapter \u00e0 la localisation des \u00e9lecteurs, notamment en cas de cr\u00e9ation de nouveaux centres d\u2019habitation\u00a0\u00bb<\/em><\/p>\n<p>Nous consid\u00e9rons que ce d\u00e9ficit d\u2019affichage est une entorse au principe d\u2019\u00e9quit\u00e9 entre les candidats, car il avantage les \u00e9lus sortants en place.<\/p>\n<p>Vous \u00eates le garant de l\u2019\u00e9quit\u00e9 entre les candidats, et que le souffle de cet instant d\u00e9mocratique local se retrouve au sein de tous les quartiers de Voreppe.<\/p>\n<p>Nous vous demandons donc de revoir l\u2019implantation des panneaux d\u2019affichage \u00e9lectoraux avant l\u2019ouverture de la campagne pour a minima respecter l\u2019esprit de la circulaire en les disposant dans les lieux de vie, comme autour des 4 groupes scolaires, des quartiers comme l\u2019Hoirie, aux abords de la gare, Bourg-Vieux, bas de Chapays\u2026<\/p>\n<p>Sachant que vous serez sensible \u00e0 notre demande l\u00e9gitime de favoriser l\u2019expression d\u00e9mocratique, veuillez recevoir, Mr le Maire, l\u2019assurance de nos sentiments les plus respectueux.<\/p>\n","protected":false},"excerpt":{"rendered":"<p>La campagne \u00e9lectorale s&rsquo;est ouverte officiellement le 2 mars 2026. Cette date marque, entre autres, l&rsquo;autorisation des affiches \u00e9lectorales permettant d&rsquo;informer les \u00e9lecteurs des candidats &hellip; <\/p>\n","protected":false},"author":7,"featured_media":0,"comment_status":"closed","ping_status":"closed","sticky":false,"template":"","format":"standard","meta":{"footnotes":""},"categories":[23,20],"tags":[],"class_list":["post-1452","post","type-post","status-publish","format-standard","hentry","category-actualite","category-democratie-locale"],"_links":{"self":[{"href":"http:\/\/www.voreppeavenir.fr\/changeons\/wp-json\/wp\/v2\/posts\/1452","targetHints":{"allow":["GET"]}}],"collection":[{"href":"http:\/\/www.voreppeavenir.fr\/changeons\/wp-json\/wp\/v2\/posts"}],"about":[{"href":"http:\/\/www.voreppeavenir.fr\/changeons\/wp-json\/wp\/v2\/types\/post"}],"author":[{"embeddable":true,"href":"http:\/\/www.voreppeavenir.fr\/changeons\/wp-json\/wp\/v2\/users\/7"}],"replies":[{"embeddable":true,"href":"http:\/\/www.voreppeavenir.fr\/changeons\/wp-json\/wp\/v2\/comments?post=1452"}],"version-history":[{"count":2,"href":"http:\/\/www.voreppeavenir.fr\/changeons\/wp-json\/wp\/v2\/posts\/1452\/revisions"}],"predecessor-version":[{"id":1457,"href":"http:\/\/www.voreppeavenir.fr\/changeons\/wp-json\/wp\/v2\/posts\/1452\/revisions\/1457"}],"wp:attachment":[{"href":"http:\/\/www.voreppeavenir.fr\/changeons\/wp-json\/wp\/v2\/media?parent=1452"}],"wp:term":[{"taxonomy":"category","embeddable":true,"href":"http:\/\/www.voreppeavenir.fr\/changeons\/wp-json\/wp\/v2\/categories?post=1452"},{"taxonomy":"post_tag","embeddable":true,"href":"http:\/\/www.voreppeavenir.fr\/changeons\/wp-json\/wp\/v2\/tags?post=1452"}],"curies":[{"name":"wp","href":"https:\/\/api.w.org\/{rel}","templated":true}]}}