{"id":1395,"date":"2026-02-27T16:15:04","date_gmt":"2026-02-27T15:15:04","guid":{"rendered":"http:\/\/www.voreppeavenir.fr\/changeons\/?p=1395"},"modified":"2026-03-06T17:03:46","modified_gmt":"2026-03-06T16:03:46","slug":"notre-programme-arrive","status":"publish","type":"post","link":"http:\/\/www.voreppeavenir.fr\/changeons\/notre-programme-arrive\/","title":{"rendered":"Notre programme est disponible !"},"content":{"rendered":"<p><img decoding=\"async\" class=\"alignright size-full wp-image-1273\" src=\"http:\/\/www.voreppeavenir.fr\/changeons\/wp-content\/uploads\/2026\/02\/programme_VoreppeAvenir_Changeons_print-01.png\" alt=\"\" width=\"40%\" srcset=\"http:\/\/www.voreppeavenir.fr\/changeons\/wp-content\/uploads\/2026\/02\/programme_VoreppeAvenir_Changeons_print-01.png 1241w, http:\/\/www.voreppeavenir.fr\/changeons\/wp-content\/uploads\/2026\/02\/programme_VoreppeAvenir_Changeons_print-01-212x300.png 212w, http:\/\/www.voreppeavenir.fr\/changeons\/wp-content\/uploads\/2026\/02\/programme_VoreppeAvenir_Changeons_print-01-725x1024.png 725w, http:\/\/www.voreppeavenir.fr\/changeons\/wp-content\/uploads\/2026\/02\/programme_VoreppeAvenir_Changeons_print-01-768x1085.png 768w, http:\/\/www.voreppeavenir.fr\/changeons\/wp-content\/uploads\/2026\/02\/programme_VoreppeAvenir_Changeons_print-01-1087x1536.png 1087w\" sizes=\"(max-width: 1241px) 100vw, 1241px\" \/>Ca y est, il est distribu\u00e9 !<\/p>\n<p>Issu de nombreuses r\u00e9unions publiques, aliment\u00e9 gr\u00e2ce \u00e0 un travail collectif riche depuis plus d\u2019un an, notre programme exprime une vision claire et coh\u00e9rente pour Voreppe.<\/p>\n<p>Sur chaque sujet, nous sommes partis d\u2019un constat de ce qui nous para\u00eet manquer aujourd\u2019hui pour Voreppe ou de ce qui nous para\u00eet mal r\u00e9alis\u00e9 pour garantir un avenir serein \u00e0 chacun.<\/p>\n<p>Il est long et fourni (oui, les id\u00e9es ont foisonn\u00e9 !) car nous avons souhait\u00e9 faire des propositions concr\u00e8tes \u00e9tay\u00e9es par des focus qui \u00e9clairent des sujets importants.<\/p>\n<p>N\u2019h\u00e9sitez pas \u00e0 <a href=\"http:\/\/www.voreppeavenir.fr\/changeons\/notre-programme\/\" target=\"_blank\" rel=\"noopener\">en prendre connaissance \u00e0 votre rythme.<\/a><\/p>\n<p>La distribution a \u00e9t\u00e9 rapide gr\u00e2ce \u00e0 notre efficace \u00e9quipe de soutiens de <em>Voreppe Avenir\u00a0:\u00a0Changeons !<\/em><br \/>\nMerci \u00e0 eux !<\/p>\n<p>Si vous ne l&rsquo;avez pas re\u00e7u ou si vous voulez \u00e9changer avec nous, <a href=\"http:\/\/www.voreppeavenir.fr\/changeons\/nous-contacter\/\" target=\"_blank\" rel=\"noopener\">contactez nous !<\/a><\/p>\n","protected":false},"excerpt":{"rendered":"<p>Ca y est, il est distribu\u00e9 ! Issu de nombreuses r\u00e9unions publiques, aliment\u00e9 gr\u00e2ce \u00e0 un travail collectif riche depuis plus d\u2019un an, notre programme &hellip; <\/p>\n","protected":false},"author":7,"featured_media":0,"comment_status":"closed","ping_status":"closed","sticky":false,"template":"","format":"standard","meta":{"footnotes":""},"categories":[23,19,21],"tags":[],"class_list":["post-1395","post","type-post","status-publish","format-standard","hentry","category-actualite","category-nos-documents","category-programme"],"_links":{"self":[{"href":"http:\/\/www.voreppeavenir.fr\/changeons\/wp-json\/wp\/v2\/posts\/1395","targetHints":{"allow":["GET"]}}],"collection":[{"href":"http:\/\/www.voreppeavenir.fr\/changeons\/wp-json\/wp\/v2\/posts"}],"about":[{"href":"http:\/\/www.voreppeavenir.fr\/changeons\/wp-json\/wp\/v2\/types\/post"}],"author":[{"embeddable":true,"href":"http:\/\/www.voreppeavenir.fr\/changeons\/wp-json\/wp\/v2\/users\/7"}],"replies":[{"embeddable":true,"href":"http:\/\/www.voreppeavenir.fr\/changeons\/wp-json\/wp\/v2\/comments?post=1395"}],"version-history":[{"count":5,"href":"http:\/\/www.voreppeavenir.fr\/changeons\/wp-json\/wp\/v2\/posts\/1395\/revisions"}],"predecessor-version":[{"id":1431,"href":"http:\/\/www.voreppeavenir.fr\/changeons\/wp-json\/wp\/v2\/posts\/1395\/revisions\/1431"}],"wp:attachment":[{"href":"http:\/\/www.voreppeavenir.fr\/changeons\/wp-json\/wp\/v2\/media?parent=1395"}],"wp:term":[{"taxonomy":"category","embeddable":true,"href":"http:\/\/www.voreppeavenir.fr\/changeons\/wp-json\/wp\/v2\/categories?post=1395"},{"taxonomy":"post_tag","embeddable":true,"href":"http:\/\/www.voreppeavenir.fr\/changeons\/wp-json\/wp\/v2\/tags?post=1395"}],"curies":[{"name":"wp","href":"https:\/\/api.w.org\/{rel}","templated":true}]}}