{"id":1051,"date":"2026-02-20T08:25:34","date_gmt":"2026-02-20T07:25:34","guid":{"rendered":"http:\/\/www.voreppeavenir.fr\/changeons\/?p=1051"},"modified":"2026-02-26T14:06:08","modified_gmt":"2026-02-26T13:06:08","slug":"yasmine-vivet","status":"publish","type":"post","link":"http:\/\/www.voreppeavenir.fr\/changeons\/yasmine-vivet\/","title":{"rendered":"Yasmine VIVET"},"content":{"rendered":"<p><img decoding=\"async\" class=\"alignright size-full wp-image-1067\" src=\"http:\/\/www.voreppeavenir.fr\/changeons\/wp-content\/uploads\/2026\/02\/yasmine_vivet_reduit-1.jpg\" alt=\"\" width=\"20%\" srcset=\"http:\/\/www.voreppeavenir.fr\/changeons\/wp-content\/uploads\/2026\/02\/yasmine_vivet_reduit-1.jpg 400w, http:\/\/www.voreppeavenir.fr\/changeons\/wp-content\/uploads\/2026\/02\/yasmine_vivet_reduit-1-276x300.jpg 276w\" sizes=\"(max-width: 400px) 100vw, 400px\" \/>Voreppine d\u2019origine, j\u2019ai grandi ici et habit\u00e9 le Coll\u00e8ge jusqu\u2019\u00e0 la retraite de ma maman. J\u2019ai fait toute ma scolarit\u00e9 \u00e0 l\u2019Ecole Debelle, puis au Coll\u00e8ge Andr\u00e9 Malraux, o\u00f9 j\u2019ai cr\u00e9\u00e9 mes premiers souvenirs. <\/p>\n<p>Aujourd\u2019hui maman de trois jeunes de 11, 13 et 16 ans, je red\u00e9couvre Voreppe \u00e0 travers leurs yeux, avec la m\u00eame affection que lorsque j\u2019\u00e9tais enfant. Mes parents de bient\u00f4t 80 et 82 ans, vivent toujours ici, cela me permet d\u2019avoir conscience des r\u00e9alit\u00e9s et des attentes des s\u00e9niors.<\/p>\n<p>Juriste en droit des collectivit\u00e9s territoriales de formation, je connais les enjeux et les m\u00e9canismes des d\u00e9cisions publiques locales. Actuellement en reconversion dans la coiffure, j\u2019ai choisi un m\u00e9tier artisanal et humain, au contact direct des habitants.<\/p>\n<p>Ce parcours refl\u00e8te ce qui me guide : allier compr\u00e9hension des enjeux publics et proximit\u00e9 avec le quotidien des Voreppins.<\/p>\n<p>Comme beaucoup de familles voreppines, nous vivons au rythme de la richesse associative locale. Petites, ma s\u0153ur et moi, avons b\u00e9n\u00e9fici\u00e9 des activit\u00e9s de la MJC, des Clubs de Gymnastique, de Natation, de Tennis, ou encore de l\u2019\u00c9cole de Musique et de la M\u00e9diath\u00e8que. Gr\u00e2ce \u00e0 la MJC de Voreppe, j\u2019ai eu la chance de vivre de nombreuses exp\u00e9riences, comme des stages de danse ou encore aller au centre a\u00e9r\u00e9 en pleine nature.<\/p>\n<p>Aujourd\u2019hui, ce sont mes enfants qui profitent de la richesse de cette vie locale intense, rendue possible gr\u00e2ce \u00e0 l\u2019engagement pr\u00e9cieux de nombreux b\u00e9n\u00e9voles. Mes enfants b\u00e9n\u00e9ficient notamment des activit\u00e9s propos\u00e9es au sein de la MJC, du Club de Roller Hockey, de Twirling B\u00e2ton, de Tennis ou encore de l\u2019\u00c9cole de Musique et de la M\u00e9diath\u00e8que de Voreppe. Depuis mon retour \u00e0 Voreppe, je m\u2019investis \u00e9galement b\u00e9n\u00e9volement, convaincue que chacun peut contribuer, \u00e0 son \u00e9chelle, au bien commun.<\/p>\n<p>Je suis profond\u00e9ment attach\u00e9e \u00e0 l\u2019identit\u00e9 singuli\u00e8re de Voreppe : une ville \u00e0 taille humaine, au pied de la Chartreuse, qui fait face au Vercors, aux portes de l\u2019agglom\u00e9ration grenobloise et fi\u00e8re de son caract\u00e8re de grand village. Pr\u00e9server cette qualit\u00e9 de vie implique de prot\u00e9ger notre patrimoine, ma\u00eetriser l\u2019urbanisation, soutenir nos commerces et maintenir un centre-village vivant et accessible.<\/p>\n<p>A mes yeux, toutes les mobilit\u00e9s ont leur place. Le v\u00e9lo convient \u00e0 certains, la voiture reste indispensable pour beaucoup de personnes (familles, artisans, actifs, seniors\u2026). Notre r\u00f4le est d\u2019organiser cette cohabitation avec bon sens, sans opposer les habitants entre eux.<\/p>\n<p>Avec <em>\u00ab Voreppe Avenir : Changeons ! \u00bb<\/em>, liste compos\u00e9e de citoyens d\u2019horizons vari\u00e9s, je m\u2019engage avec sinc\u00e9rit\u00e9, humilit\u00e9 et d\u00e9termination. Mon engagement n\u2019a pas vocation \u00e0 construire une carri\u00e8re politique, mais il est la continuit\u00e9 naturelle de mon implication locale et de mon souhait de participer activement \u00e0 l\u2019avenir de Voreppe. <\/p>\n","protected":false},"excerpt":{"rendered":"<p>Voreppine d\u2019origine, j\u2019ai grandi ici et habit\u00e9 le Coll\u00e8ge jusqu\u2019\u00e0 la retraite de ma maman. J\u2019ai fait toute ma scolarit\u00e9 \u00e0 l\u2019Ecole Debelle, puis au &hellip; <\/p>\n","protected":false},"author":7,"featured_media":0,"comment_status":"closed","ping_status":"closed","sticky":false,"template":"","format":"standard","meta":{"footnotes":""},"categories":[18,22],"tags":[],"class_list":["post-1051","post","type-post","status-publish","format-standard","hentry","category-candidats","category-pays-voironnais"],"_links":{"self":[{"href":"http:\/\/www.voreppeavenir.fr\/changeons\/wp-json\/wp\/v2\/posts\/1051","targetHints":{"allow":["GET"]}}],"collection":[{"href":"http:\/\/www.voreppeavenir.fr\/changeons\/wp-json\/wp\/v2\/posts"}],"about":[{"href":"http:\/\/www.voreppeavenir.fr\/changeons\/wp-json\/wp\/v2\/types\/post"}],"author":[{"embeddable":true,"href":"http:\/\/www.voreppeavenir.fr\/changeons\/wp-json\/wp\/v2\/users\/7"}],"replies":[{"embeddable":true,"href":"http:\/\/www.voreppeavenir.fr\/changeons\/wp-json\/wp\/v2\/comments?post=1051"}],"version-history":[{"count":5,"href":"http:\/\/www.voreppeavenir.fr\/changeons\/wp-json\/wp\/v2\/posts\/1051\/revisions"}],"predecessor-version":[{"id":1337,"href":"http:\/\/www.voreppeavenir.fr\/changeons\/wp-json\/wp\/v2\/posts\/1051\/revisions\/1337"}],"wp:attachment":[{"href":"http:\/\/www.voreppeavenir.fr\/changeons\/wp-json\/wp\/v2\/media?parent=1051"}],"wp:term":[{"taxonomy":"category","embeddable":true,"href":"http:\/\/www.voreppeavenir.fr\/changeons\/wp-json\/wp\/v2\/categories?post=1051"},{"taxonomy":"post_tag","embeddable":true,"href":"http:\/\/www.voreppeavenir.fr\/changeons\/wp-json\/wp\/v2\/tags?post=1051"}],"curies":[{"name":"wp","href":"https:\/\/api.w.org\/{rel}","templated":true}]}}