{"id":1023,"date":"2026-02-20T08:05:47","date_gmt":"2026-02-20T07:05:47","guid":{"rendered":"http:\/\/www.voreppeavenir.fr\/changeons\/?p=1023"},"modified":"2026-02-24T06:31:33","modified_gmt":"2026-02-24T05:31:33","slug":"marie-reine-helleu","status":"publish","type":"post","link":"http:\/\/www.voreppeavenir.fr\/changeons\/marie-reine-helleu\/","title":{"rendered":"Marie-Reine HELLEU"},"content":{"rendered":"<p><img decoding=\"async\" class=\"alignright size-full wp-image-1024\" src=\"http:\/\/www.voreppeavenir.fr\/changeons\/wp-content\/uploads\/2026\/02\/marie_reine_helleu_vignette.jpg\" alt=\"\" width=\"20%\" srcset=\"http:\/\/www.voreppeavenir.fr\/changeons\/wp-content\/uploads\/2026\/02\/marie_reine_helleu_vignette.jpg 400w, http:\/\/www.voreppeavenir.fr\/changeons\/wp-content\/uploads\/2026\/02\/marie_reine_helleu_vignette-268x300.jpg 268w\" sizes=\"(max-width: 400px) 100vw, 400px\" \/>Heureuse d\u2019habiter la r\u00e9gion et particuli\u00e8rement Voreppe depuis plus de 25 ans, j\u2019ai 75 ans et je suis retrait\u00e9e.<\/p>\n<p>J&rsquo;ai fait  l&rsquo;essentiel  de ma carri\u00e8re professionnelle en Bretagne, \u00e0 Rennes, dans le secteur socio-\u00e9ducatif, notamment en intervenant aupr\u00e8s de jeunes et de leurs familles des quartiers concern\u00e9s par le dispositif \u00ab\u00a0Politique de la ville\u00a0\u00bb.<br \/>\nEnsuite, j&rsquo;ai \u00e9t\u00e9 responsable de deux centres sociaux \u00e0 Grenoble. <\/p>\n<p>D\u00e9s mon arriv\u00e9e \u00e0 Voreppe, je me suis int\u00e9ress\u00e9e \u00e0 la vie municipale et associative. Je me suis impliqu\u00e9e dans le comit\u00e9 de quartier de \u00ab\u00a0Brandegaudi\u00e8re \/ gare\u00a0\u00bb, dans l\u2019association \u00ab\u00a0Voreppe Avenir\u00a0\u00bb et les campagnes municipales depuis 2001.<\/p>\n<p>Je suis aussi tr\u00e8s investie dans l\u2019ONG \u00ab\u00a0Amnesty International\u00a0\u00bb, qui se bat pour le respect des droits humains, ici et partout dans le monde. Et il y a beaucoup \u00e0 faire\u00a0!<\/p>\n<p>J\u2019ai donc \u00e0 coeur de contribuer au\u00a0\u00ab\u00a0bien-vivre ensemble\u00a0\u00bb, au plus pr\u00e8s des pr\u00e9occupations des habitants, dans le souci de l\u2019int\u00e9r\u00eat g\u00e9n\u00e9ral et en prenant en compte les d\u00e9fis que nous devons relever comme l\u2019adaptation au changement climatique, l\u2019acc\u00e8s de tous \u00e0 un logement d\u00e9cent, la pauvret\u00e9 qui gagne du terrain, le vieillissement de la population \u2026<\/p>\n<p>Tout naturellement, je me suis compl\u00e8tement retrouv\u00e9e dans les valeurs, les objectifs et les modes d\u2019action de la liste <em>\u00ab\u00a0Voreppe\u00a0Avenir\u00a0:\u00a0changeons\u00a0!\u00a0\u00bb<\/em><\/p>\n","protected":false},"excerpt":{"rendered":"<p>Heureuse d\u2019habiter la r\u00e9gion et particuli\u00e8rement Voreppe depuis plus de 25 ans, j\u2019ai 75 ans et je suis retrait\u00e9e. J&rsquo;ai fait l&rsquo;essentiel de ma carri\u00e8re &hellip; <\/p>\n","protected":false},"author":7,"featured_media":0,"comment_status":"closed","ping_status":"closed","sticky":false,"template":"","format":"standard","meta":{"footnotes":""},"categories":[18],"tags":[],"class_list":["post-1023","post","type-post","status-publish","format-standard","hentry","category-candidats"],"_links":{"self":[{"href":"http:\/\/www.voreppeavenir.fr\/changeons\/wp-json\/wp\/v2\/posts\/1023","targetHints":{"allow":["GET"]}}],"collection":[{"href":"http:\/\/www.voreppeavenir.fr\/changeons\/wp-json\/wp\/v2\/posts"}],"about":[{"href":"http:\/\/www.voreppeavenir.fr\/changeons\/wp-json\/wp\/v2\/types\/post"}],"author":[{"embeddable":true,"href":"http:\/\/www.voreppeavenir.fr\/changeons\/wp-json\/wp\/v2\/users\/7"}],"replies":[{"embeddable":true,"href":"http:\/\/www.voreppeavenir.fr\/changeons\/wp-json\/wp\/v2\/comments?post=1023"}],"version-history":[{"count":5,"href":"http:\/\/www.voreppeavenir.fr\/changeons\/wp-json\/wp\/v2\/posts\/1023\/revisions"}],"predecessor-version":[{"id":1112,"href":"http:\/\/www.voreppeavenir.fr\/changeons\/wp-json\/wp\/v2\/posts\/1023\/revisions\/1112"}],"wp:attachment":[{"href":"http:\/\/www.voreppeavenir.fr\/changeons\/wp-json\/wp\/v2\/media?parent=1023"}],"wp:term":[{"taxonomy":"category","embeddable":true,"href":"http:\/\/www.voreppeavenir.fr\/changeons\/wp-json\/wp\/v2\/categories?post=1023"},{"taxonomy":"post_tag","embeddable":true,"href":"http:\/\/www.voreppeavenir.fr\/changeons\/wp-json\/wp\/v2\/tags?post=1023"}],"curies":[{"name":"wp","href":"https:\/\/api.w.org\/{rel}","templated":true}]}}