{"id":1019,"date":"2026-02-20T08:20:06","date_gmt":"2026-02-20T07:20:06","guid":{"rendered":"http:\/\/www.voreppeavenir.fr\/changeons\/?p=1019"},"modified":"2026-02-24T06:38:08","modified_gmt":"2026-02-24T05:38:08","slug":"regina-guyot-kaufmann","status":"publish","type":"post","link":"http:\/\/www.voreppeavenir.fr\/changeons\/regina-guyot-kaufmann\/","title":{"rendered":"R\u00e9gina GUYOT-KAUFMANN"},"content":{"rendered":"<p><img decoding=\"async\" class=\"alignright size-full wp-image-1020\" src=\"http:\/\/www.voreppeavenir.fr\/changeons\/wp-content\/uploads\/2026\/02\/regina_guyot_kaufmann_vignette.jpg\" alt=\"\" width=\"20%\" srcset=\"http:\/\/www.voreppeavenir.fr\/changeons\/wp-content\/uploads\/2026\/02\/regina_guyot_kaufmann_vignette.jpg 400w, http:\/\/www.voreppeavenir.fr\/changeons\/wp-content\/uploads\/2026\/02\/regina_guyot_kaufmann_vignette-264x300.jpg 264w\" sizes=\"(max-width: 400px) 100vw, 400px\" \/>Voreppine depuis 35 ans, je n&rsquo;ai jamais regrett\u00e9 le choix de notre r\u00e9sidence pour notre famille : petite ville, suivi de nos enfants \u00e0 l&rsquo;\u00e9cole Stravinsky d&rsquo;abord, puis au coll\u00e8ge A. Malraux, activit\u00e9s sportives et culturelles de proximit\u00e9 et accessibles&#8230;<\/p>\n<p>Les mixit\u00e9s culturelles, cultuelles, ethniques, sociales de notre environnement proche (limite rue de l&rsquo;Herbe) a \u00e9t\u00e9 d&rsquo;une grande richesse pour nous et nos enfants.<\/p>\n<p>Et une ville \u00e0 taille humaine que je souhaite voir continuer \u00e0 \u00e9voluer, notamment en termes d&rsquo;accessibilit\u00e9 \u00e0 tous, r\u00e9sidents, commer\u00e7ants,&#8230;<\/p>\n<p>Que chacun ait une place, SA place ! Que les propositions de notre commune soient accessibles \u00e0 tous ! Que les difficult\u00e9s de la vie puissent \u00eatre accompagn\u00e9es, soulag\u00e9es ! Cela rejoint mes priorit\u00e9s, mes engagements de toujours, professionnels ou associatifs.<\/p>\n<p>Retrait\u00e9e aujourd&rsquo;hui, j&rsquo;ai pratiqu\u00e9 le m\u00e9tier d&rsquo;enseignante sp\u00e9cialis\u00e9e durant 26 ans, puis de charg\u00e9e de mission pour la scolarisation des \u00e9l\u00e8ves porteurs de handicaps en Is\u00e8re jusqu&rsquo;\u00e0 mon d\u00e9part.<\/p>\n<p>Sur le plan associatif, les associations \u00ab\u00a0Locomotive\u00a0\u00bb (pour les enfants atteints de cancer et leuc\u00e9mie et leurs familles), et de T.C.I. R.A. (groupes d&rsquo;\u00e9coute, de paroles et de liens, dont j&rsquo;ai particip\u00e9 entre 2010 et 2014 \u00e0 l&rsquo;animation au Centre social Rosa Parks), restent mes principaux engagements, par mon soutien et\/ou ma participation active.<\/p>\n<p>Ces 35 ans \u00e0 Voreppe m&rsquo;ont aussi apport\u00e9 de belles rencontres et connaissances. Et j&rsquo;ai \u00e9t\u00e9 de plus en plus sensibilis\u00e9e \u00e0 la condition de personnes vieillissantes dans mon quartier, et de leurs soucis de perte d&rsquo;autonomie, entre \u00e9loignement des commerces, des commodit\u00e9s et diminution des propositions de transport, par exemple.<\/p>\n<p>Rejoindre la liste <em>\u00ab\u00a0Voreppe\u00a0Avenir\u00a0:\u00a0Changeons\u00a0!\u00a0\u00bb<\/em>, port\u00e9e par Fabienne Sentis qui, par son exemplarit\u00e9 m\u00eame, v\u00e9hicule les valeurs qui m&rsquo;animent, m&rsquo;offre l&rsquo;opportunit\u00e9 de participer \u00e0 une \u00e9volution plus ouverte et plus solidaire et en co-construction de notre commune.<\/p>\n","protected":false},"excerpt":{"rendered":"<p>Voreppine depuis 35 ans, je n&rsquo;ai jamais regrett\u00e9 le choix de notre r\u00e9sidence pour notre famille : petite ville, suivi de nos enfants \u00e0 l&rsquo;\u00e9cole &hellip; <\/p>\n","protected":false},"author":7,"featured_media":0,"comment_status":"closed","ping_status":"closed","sticky":false,"template":"","format":"standard","meta":{"footnotes":""},"categories":[18],"tags":[],"class_list":["post-1019","post","type-post","status-publish","format-standard","hentry","category-candidats"],"_links":{"self":[{"href":"http:\/\/www.voreppeavenir.fr\/changeons\/wp-json\/wp\/v2\/posts\/1019","targetHints":{"allow":["GET"]}}],"collection":[{"href":"http:\/\/www.voreppeavenir.fr\/changeons\/wp-json\/wp\/v2\/posts"}],"about":[{"href":"http:\/\/www.voreppeavenir.fr\/changeons\/wp-json\/wp\/v2\/types\/post"}],"author":[{"embeddable":true,"href":"http:\/\/www.voreppeavenir.fr\/changeons\/wp-json\/wp\/v2\/users\/7"}],"replies":[{"embeddable":true,"href":"http:\/\/www.voreppeavenir.fr\/changeons\/wp-json\/wp\/v2\/comments?post=1019"}],"version-history":[{"count":1,"href":"http:\/\/www.voreppeavenir.fr\/changeons\/wp-json\/wp\/v2\/posts\/1019\/revisions"}],"predecessor-version":[{"id":1021,"href":"http:\/\/www.voreppeavenir.fr\/changeons\/wp-json\/wp\/v2\/posts\/1019\/revisions\/1021"}],"wp:attachment":[{"href":"http:\/\/www.voreppeavenir.fr\/changeons\/wp-json\/wp\/v2\/media?parent=1019"}],"wp:term":[{"taxonomy":"category","embeddable":true,"href":"http:\/\/www.voreppeavenir.fr\/changeons\/wp-json\/wp\/v2\/categories?post=1019"},{"taxonomy":"post_tag","embeddable":true,"href":"http:\/\/www.voreppeavenir.fr\/changeons\/wp-json\/wp\/v2\/tags?post=1019"}],"curies":[{"name":"wp","href":"https:\/\/api.w.org\/{rel}","templated":true}]}}