{"id":1013,"date":"2026-02-20T08:02:27","date_gmt":"2026-02-20T07:02:27","guid":{"rendered":"http:\/\/www.voreppeavenir.fr\/changeons\/?p=1013"},"modified":"2026-02-24T06:30:24","modified_gmt":"2026-02-24T05:30:24","slug":"michel-mollier","status":"publish","type":"post","link":"http:\/\/www.voreppeavenir.fr\/changeons\/michel-mollier\/","title":{"rendered":"Michel MOLLIER"},"content":{"rendered":"<p><img decoding=\"async\" class=\"alignright size-full wp-image-1015\" src=\"http:\/\/www.voreppeavenir.fr\/changeons\/wp-content\/uploads\/2026\/02\/michel_mollier_vignette.jpg\" alt=\"\" width=\"20%\" srcset=\"http:\/\/www.voreppeavenir.fr\/changeons\/wp-content\/uploads\/2026\/02\/michel_mollier_vignette.jpg 400w, http:\/\/www.voreppeavenir.fr\/changeons\/wp-content\/uploads\/2026\/02\/michel_mollier_vignette-278x300.jpg 278w\" sizes=\"(max-width: 400px) 100vw, 400px\" \/>76 ans, 3 enfants et 3 petits-enfants.<\/p>\n<p>Ing\u00e9nieur \u00e0 la retraite, j&rsquo;habite La Malossane<\/p>\n<p>Je suis ancien conseiller municipal et communautaire. J&rsquo;ai \u00e9t\u00e9 adjoint \u00e0 l&rsquo;urbanisme de 2008 \u00e0 2014.<\/p>\n<p>Je d\u00e9sire mettre mon exp\u00e9rience au service de cette jeune \u00e9quipe motiv\u00e9e, et pour tous les habitants de Voreppe<\/p>\n","protected":false},"excerpt":{"rendered":"<p>76 ans, 3 enfants et 3 petits-enfants. Ing\u00e9nieur \u00e0 la retraite, j&rsquo;habite La Malossane Je suis ancien conseiller municipal et communautaire. J&rsquo;ai \u00e9t\u00e9 adjoint \u00e0 &hellip; <\/p>\n","protected":false},"author":7,"featured_media":0,"comment_status":"closed","ping_status":"closed","sticky":false,"template":"","format":"standard","meta":{"footnotes":""},"categories":[18],"tags":[],"class_list":["post-1013","post","type-post","status-publish","format-standard","hentry","category-candidats"],"_links":{"self":[{"href":"http:\/\/www.voreppeavenir.fr\/changeons\/wp-json\/wp\/v2\/posts\/1013","targetHints":{"allow":["GET"]}}],"collection":[{"href":"http:\/\/www.voreppeavenir.fr\/changeons\/wp-json\/wp\/v2\/posts"}],"about":[{"href":"http:\/\/www.voreppeavenir.fr\/changeons\/wp-json\/wp\/v2\/types\/post"}],"author":[{"embeddable":true,"href":"http:\/\/www.voreppeavenir.fr\/changeons\/wp-json\/wp\/v2\/users\/7"}],"replies":[{"embeddable":true,"href":"http:\/\/www.voreppeavenir.fr\/changeons\/wp-json\/wp\/v2\/comments?post=1013"}],"version-history":[{"count":3,"href":"http:\/\/www.voreppeavenir.fr\/changeons\/wp-json\/wp\/v2\/posts\/1013\/revisions"}],"predecessor-version":[{"id":1017,"href":"http:\/\/www.voreppeavenir.fr\/changeons\/wp-json\/wp\/v2\/posts\/1013\/revisions\/1017"}],"wp:attachment":[{"href":"http:\/\/www.voreppeavenir.fr\/changeons\/wp-json\/wp\/v2\/media?parent=1013"}],"wp:term":[{"taxonomy":"category","embeddable":true,"href":"http:\/\/www.voreppeavenir.fr\/changeons\/wp-json\/wp\/v2\/categories?post=1013"},{"taxonomy":"post_tag","embeddable":true,"href":"http:\/\/www.voreppeavenir.fr\/changeons\/wp-json\/wp\/v2\/tags?post=1013"}],"curies":[{"name":"wp","href":"https:\/\/api.w.org\/{rel}","templated":true}]}}